{"id":827,"date":"2022-01-14T20:04:56","date_gmt":"2022-01-14T18:04:56","guid":{"rendered":"https:\/\/edublog.educastur.es\/llingua\/?p=827"},"modified":"2022-01-14T20:04:56","modified_gmt":"2022-01-14T18:04:56","slug":"pal-mes-dabril-en-madrid","status":"publish","type":"post","link":"https:\/\/edublog.educastur.es\/llingua\/pal-mes-dabril-en-madrid\/","title":{"rendered":"Pal mes d&#8217;abril en Madrid"},"content":{"rendered":"<p style=\"text-align: center\"><a href=\"https:\/\/tinypix.top\/images\/2022\/01\/14\/eLCrT.jpg\"><img loading=\"lazy\" decoding=\"async\" class=\"alignnone\" src=\"https:\/\/tinypix.top\/images\/2022\/01\/14\/eLCrT.jpg\" alt=\"\" width=\"391\" height=\"553\" \/><\/a><\/p>\n<div class=\"kvgmc6g5 cxmmr5t8 oygrvhab hcukyx3x c1et5uql ii04i59q\">\n<div dir=\"auto\">Iniciativa pol Asturianu ta preparando una cosina pal mes d&#8217;abril en na <a class=\"oajrlxb2 g5ia77u1 qu0x051f esr5mh6w e9989ue4 r7d6kgcz rq0escxv nhd2j8a9 nc684nl6 p7hjln8o kvgmc6g5 cxmmr5t8 oygrvhab hcukyx3x jb3vyjys rz4wbd8a qt6c0cv9 a8nywdso i1ao9s8h esuyzwwr f1sip0of lzcic4wl gpro0wi8 q66pz984 b1v8xokw\" role=\"link\" href=\"https:\/\/www.facebook.com\/universidadautonomademadrid\/?__cft__[0]=AZXcEjrLB0uGbpTgCmz8j0xjtGAg5jaLhbXkNMWXj4AVhWfTjTwJ8daXnlERc_omslV_tukodBEvyjAetADLRMOVmLKg-FB9MUkwNhlu70-0vUWWn7SrfnF41IQJ11d-XJAVeo4cuohrfYiJUkAg3MGArcG97FclgX-96wiRWNPrcQ&amp;__tn__=kK-y-R\"><span class=\"nc684nl6\">Universidad Aut\u00f3noma de Madrid<\/span><\/a>.<\/div>\n<\/div>\n<div class=\"cxmmr5t8 oygrvhab hcukyx3x c1et5uql o9v6fnle ii04i59q\">\n<div dir=\"auto\">Equ\u00ed ten\u00e9is la informaci\u00f3n por si vos apetez presentar propuestes: <a class=\"oajrlxb2 g5ia77u1 qu0x051f esr5mh6w e9989ue4 r7d6kgcz rq0escxv nhd2j8a9 nc684nl6 p7hjln8o kvgmc6g5 cxmmr5t8 oygrvhab hcukyx3x jb3vyjys rz4wbd8a qt6c0cv9 a8nywdso i1ao9s8h esuyzwwr f1sip0of lzcic4wl gpro0wi8 py34i1dx\" role=\"link\" href=\"https:\/\/infoling.org\/12\/51\/2021?fbclid=IwAR1mnrV_9nkbBc-z15ZTWHQF91tYHFjiaawc8_nYMhALAlZc3Lh0WjaYINY\" target=\"_blank\" rel=\"nofollow noopener\">https:\/\/infoling.org\/12\/51\/2021<\/a><\/div>\n<\/div>\n","protected":false},"excerpt":{"rendered":"<p>Iniciativa pol Asturianu ta preparando una cosina pal mes d&#8217;abril en na Universidad Aut\u00f3noma de Madrid. Equ\u00ed ten\u00e9is la informaci\u00f3n por si vos apetez presentar propuestes: https:\/\/infoling.org\/12\/51\/2021<\/p>\n","protected":false},"author":117,"featured_media":0,"comment_status":"open","ping_status":"open","sticky":false,"template":"","format":"standard","meta":{"footnotes":""},"categories":[1],"tags":[],"class_list":["post-827","post","type-post","status-publish","format-standard","hentry","category-sin-categoria","post-preview"],"_links":{"self":[{"href":"https:\/\/edublog.educastur.es\/llingua\/wp-json\/wp\/v2\/posts\/827","targetHints":{"allow":["GET"]}}],"collection":[{"href":"https:\/\/edublog.educastur.es\/llingua\/wp-json\/wp\/v2\/posts"}],"about":[{"href":"https:\/\/edublog.educastur.es\/llingua\/wp-json\/wp\/v2\/types\/post"}],"author":[{"embeddable":true,"href":"https:\/\/edublog.educastur.es\/llingua\/wp-json\/wp\/v2\/users\/117"}],"replies":[{"embeddable":true,"href":"https:\/\/edublog.educastur.es\/llingua\/wp-json\/wp\/v2\/comments?post=827"}],"version-history":[{"count":1,"href":"https:\/\/edublog.educastur.es\/llingua\/wp-json\/wp\/v2\/posts\/827\/revisions"}],"predecessor-version":[{"id":828,"href":"https:\/\/edublog.educastur.es\/llingua\/wp-json\/wp\/v2\/posts\/827\/revisions\/828"}],"wp:attachment":[{"href":"https:\/\/edublog.educastur.es\/llingua\/wp-json\/wp\/v2\/media?parent=827"}],"wp:term":[{"taxonomy":"category","embeddable":true,"href":"https:\/\/edublog.educastur.es\/llingua\/wp-json\/wp\/v2\/categories?post=827"},{"taxonomy":"post_tag","embeddable":true,"href":"https:\/\/edublog.educastur.es\/llingua\/wp-json\/wp\/v2\/tags?post=827"}],"curies":[{"name":"wp","href":"https:\/\/api.w.org\/{rel}","templated":true}]}}