{"id":830,"date":"2022-01-22T22:06:49","date_gmt":"2022-01-22T20:06:49","guid":{"rendered":"https:\/\/edublog.educastur.es\/llingua\/?p=830"},"modified":"2022-01-22T23:15:25","modified_gmt":"2022-01-22T21:15:25","slug":"anuariu-de-la-musica-asturiana","status":"publish","type":"post","link":"https:\/\/edublog.educastur.es\/llingua\/anuariu-de-la-musica-asturiana\/","title":{"rendered":"Anuariu de la M\u00fasica Asturiana"},"content":{"rendered":"<div dir=\"auto\" style=\"text-align: center\">\n<!-- iframe plugin v.6.0 wordpress.org\/plugins\/iframe\/ -->\n<iframe loading=\"lazy\" src=\"https:\/\/www.facebook.com\/plugins\/post.php?href=https%3A%2F%2Fwww.facebook.com%2Fxornaesvigulinasturies%2Fposts%2F259583696297811&#038;show_text=true&#038;width=500\" width=\"500\" height=\"781\" style=\"border:none;overflow:hidden\" scrolling=\"no\" frameborder=\"0\" allowfullscreen=\"true\" allow=\"autoplay; clipboard-write; encrypted-media; picture-in-picture; web-share\" 0=\"\/iframe\" class=\"iframe-class\"><\/iframe>\n<\/div>\n<div dir=\"auto\"><\/div>\n<div dir=\"auto\"><\/div>\n<div dir=\"auto\">Esta selmana asoley\u00f3se l&#8217;<strong><span style=\"color: #008080\">Anuariu de la M\u00fasica Asturiana<\/span> <\/strong>onde apaez esti art\u00edculu sobre les I Xornaes del Vigul\u00edn Tradicional n&#8217;Asturies.<\/div>\n<div dir=\"auto\">El textu ta robl\u00e1u por Esteban G. Corteguera y Rodrigo Joglar y acomp\u00e1\u00f1enlu semeyes de Leti Cernuda.<\/div>\n<div dir=\"auto\">Munches gracies a Goxe Producciones, <a class=\"oajrlxb2 g5ia77u1 qu0x051f esr5mh6w e9989ue4 r7d6kgcz rq0escxv nhd2j8a9 nc684nl6 p7hjln8o kvgmc6g5 cxmmr5t8 oygrvhab hcukyx3x jb3vyjys rz4wbd8a qt6c0cv9 a8nywdso i1ao9s8h esuyzwwr f1sip0of lzcic4wl gpro0wi8 py34i1dx\" role=\"link\" href=\"https:\/\/l.facebook.com\/l.php?u=http%3A%2F%2Fxn--msicaasturiana-lrb.com%2F%3Ffbclid%3DIwAR1GgliBUiaqpySB1N-gKLdEH6tzhq1fry9BUdYQaCP0nGwpjx7JAfD3b9s&amp;h=AT0PaC_T3aSqW9iI1JCDFDPyjxfqmX4LD5L_ceBx20YctIguSDMNYBSCROiv8wI7jJVnpLeo82CeAU0FjbmOWZgTVX_0bKPM43k93k8MJ8BSYSZFOs5FI6P1JcnJjX4mzA&amp;__tn__=-UK-y-R&amp;c[0]=AT2JNT4O_PjeiFOtsE2x5EwTwwj4AYwAMweV_1buMys_IzjQEoERcF1bsGlklT87Rwy0wA4DgZf5OIYiPOKWpeTJoNn2cl7-EijIstHGCO63UJ3ODZwjNjgqhD8whfyL-UfipaZb4CSlGRl69n--Ph_5JI8lIHswLv6ifdKLytFVJB9uu2gmC8qN7OdDjvHuBNet4vAb\" target=\"_blank\" rel=\"nofollow noopener\">http:\/\/xn--msicaasturiana-lrb.com\/<\/a> y n&#8217;especial a Xicu pol so convite y el so procuru n&#8217;esti trabayu.<\/div>\n<div dir=\"auto\"><\/div>\n<ul>\n<li><a href=\"https:\/\/www.facebook.com\/xornaesvigulinasturies\/\">Fonte noticia: Xornaes del Vigul\u00edn en Pilo\u00f1a<\/a><\/li>\n<\/ul>\n","protected":false},"excerpt":{"rendered":"<p>Esta selmana asoley\u00f3se l&#8217;Anuariu de la M\u00fasica Asturiana onde apaez esti art\u00edculu sobre les I Xornaes del Vigul\u00edn Tradicional n&#8217;Asturies. El textu ta robl\u00e1u por Esteban G. Corteguera y Rodrigo Joglar y acomp\u00e1\u00f1enlu semeyes de Leti Cernuda. Munches gracies a Goxe Producciones, http:\/\/xn--msicaasturiana-lrb.com\/ y n&#8217;especial a Xicu pol so convite y el so procuru n&#8217;esti [&hellip;]<\/p>\n","protected":false},"author":117,"featured_media":0,"comment_status":"open","ping_status":"open","sticky":false,"template":"","format":"standard","meta":{"footnotes":""},"categories":[8],"tags":[],"class_list":["post-830","post","type-post","status-publish","format-standard","hentry","category-musica","post-preview"],"_links":{"self":[{"href":"https:\/\/edublog.educastur.es\/llingua\/wp-json\/wp\/v2\/posts\/830","targetHints":{"allow":["GET"]}}],"collection":[{"href":"https:\/\/edublog.educastur.es\/llingua\/wp-json\/wp\/v2\/posts"}],"about":[{"href":"https:\/\/edublog.educastur.es\/llingua\/wp-json\/wp\/v2\/types\/post"}],"author":[{"embeddable":true,"href":"https:\/\/edublog.educastur.es\/llingua\/wp-json\/wp\/v2\/users\/117"}],"replies":[{"embeddable":true,"href":"https:\/\/edublog.educastur.es\/llingua\/wp-json\/wp\/v2\/comments?post=830"}],"version-history":[{"count":2,"href":"https:\/\/edublog.educastur.es\/llingua\/wp-json\/wp\/v2\/posts\/830\/revisions"}],"predecessor-version":[{"id":832,"href":"https:\/\/edublog.educastur.es\/llingua\/wp-json\/wp\/v2\/posts\/830\/revisions\/832"}],"wp:attachment":[{"href":"https:\/\/edublog.educastur.es\/llingua\/wp-json\/wp\/v2\/media?parent=830"}],"wp:term":[{"taxonomy":"category","embeddable":true,"href":"https:\/\/edublog.educastur.es\/llingua\/wp-json\/wp\/v2\/categories?post=830"},{"taxonomy":"post_tag","embeddable":true,"href":"https:\/\/edublog.educastur.es\/llingua\/wp-json\/wp\/v2\/tags?post=830"}],"curies":[{"name":"wp","href":"https:\/\/api.w.org\/{rel}","templated":true}]}}