{"id":851,"date":"2023-03-12T17:28:02","date_gmt":"2023-03-12T15:28:02","guid":{"rendered":"https:\/\/edublog.educastur.es\/llingua\/?p=851"},"modified":"2023-03-31T12:45:26","modified_gmt":"2023-03-31T10:45:26","slug":"conocimientu-del-asturianu-nos-ambitos-urbano-xixon-uvieu-aviles","status":"publish","type":"post","link":"https:\/\/edublog.educastur.es\/llingua\/conocimientu-del-asturianu-nos-ambitos-urbano-xixon-uvieu-aviles\/","title":{"rendered":"Conocimientu del asturianu nos \u00e1mbitos urbano (Xix\u00f3n, Uvi\u00e9u, Avil\u00e9s)"},"content":{"rendered":"<div class=\"\" dir=\"auto\">\n<div class=\"\" dir=\"auto\">\n<div class=\"x1iorvi4 x1pi30zi x1swvt13 x1l90r2v\" data-ad-comet-preview=\"message\" data-ad-preview=\"message\">\n<div class=\"x78zum5 xdt5ytf xz62fqu x16ldp7u\">\n<div class=\"xu06os2 x1ok221b\" style=\"text-align: center\">\n<div class=\"x11i5rnm xat24cr x1mh8g0r x1vvkbs xdj266r x126k92a\">\n<ul>\n<li style=\"text-align: left\">Fonte: ALLA Dixital<a class=\"x1i10hfl xjbqb8w x6umtig x1b1mbwd xaqea5y xav7gou x9f619 x1ypdohk xt0psk2 xe8uvvx xdj266r x11i5rnm xat24cr x1mh8g0r xexx8yu x4uap5 x18d9i69 xkhd6sd x16tdsg8 x1hl2dhg xggy1nq x1a2a7pz xt0b8zv x1fey0fg\" role=\"link\" href=\"https:\/\/l.facebook.com\/l.php?u=https%3A%2F%2Falladixital.org%2Fwp-content%2Fuploads%2F2023%2F02%2FConocimiento-del-asturiano-en-los-ambitos-urbanos.pdf%3Ffbclid%3DIwAR2Mkf2t8mxY8wdcmBpkUzyBMywJunYDDE1hcA-RFGQjbfUmPy3y5zTk5c8&amp;h=AT1WICuKpjJ6-sb_EPRD4kjMLnv2kaFaW4m9iIpwjkmoYsiYeeg4j63sNeh2VqFL_WUhA9jcoqYRxWjs84LoO_PWIApE0CSweMCTDe-ve35Dm4za8wK_rZ7fCPsdzA8ZcA&amp;__tn__=-UK-y-R&amp;c[0]=AT25f6r0YBpOE4ol0LKSs_OxUGgnbIho-14x_SQEMcfEEq8vZ__EbntQ3THdWF7GFC3SL06yIjx0xDrwBhWbGI0IXj7HmKYuEouZUA7EIFnYeo2Y8srlnwhxM9mZBFtl71Ejt1cpj_sDt_ZQY6UyUx1hBwD7OBdSseobm6bk85fGfAqwUVUFE507GPpOMdcH9GAo90htyvEYlT2tw98-nwWxUOS5P7KOduz8aTc\" target=\"_blank\" rel=\"nofollow noopener\">https:\/\/alladixital.org\/&#8230;\/Conocimiento-del-asturiano-en&#8230;<\/a><\/li>\n<\/ul>\n<\/div>\n\n<!-- iframe plugin v.6.0 wordpress.org\/plugins\/iframe\/ -->\n<iframe loading=\"lazy\" src=\"https:\/\/www.facebook.com\/plugins\/post.php?href=https%3A%2F%2Fwww.facebook.com%2Fastura.ac%2Fposts%2Fpfbid02bBAkemj8bkrR45cLgaPBKAUTEVYhqZ6mhXtdGJ9LNtR7xYzSFVU7GJyD4VKfqXGpl&#038;show_text=true&#038;width=500\" width=\"500\" height=\"500\" style=\"border:none;overflow:hidden\" scrolling=\"no\" frameborder=\"0\" allowfullscreen=\"true\" allow=\"autoplay; clipboard-write; encrypted-media; picture-in-picture; web-share\" 0=\"\/iframe\" class=\"iframe-class\"><\/iframe>\n\n<\/div>\n<\/div>\n<\/div>\n<\/div>\n<\/div>\n","protected":false},"excerpt":{"rendered":"<p>Fonte: ALLA Dixitalhttps:\/\/alladixital.org\/&#8230;\/Conocimiento-del-asturiano-en&#8230;<\/p>\n","protected":false},"author":117,"featured_media":0,"comment_status":"open","ping_status":"open","sticky":false,"template":"","format":"standard","meta":{"footnotes":""},"categories":[23],"tags":[],"class_list":["post-851","post","type-post","status-publish","format-standard","hentry","category-asturianu","post-preview"],"_links":{"self":[{"href":"https:\/\/edublog.educastur.es\/llingua\/wp-json\/wp\/v2\/posts\/851","targetHints":{"allow":["GET"]}}],"collection":[{"href":"https:\/\/edublog.educastur.es\/llingua\/wp-json\/wp\/v2\/posts"}],"about":[{"href":"https:\/\/edublog.educastur.es\/llingua\/wp-json\/wp\/v2\/types\/post"}],"author":[{"embeddable":true,"href":"https:\/\/edublog.educastur.es\/llingua\/wp-json\/wp\/v2\/users\/117"}],"replies":[{"embeddable":true,"href":"https:\/\/edublog.educastur.es\/llingua\/wp-json\/wp\/v2\/comments?post=851"}],"version-history":[{"count":2,"href":"https:\/\/edublog.educastur.es\/llingua\/wp-json\/wp\/v2\/posts\/851\/revisions"}],"predecessor-version":[{"id":856,"href":"https:\/\/edublog.educastur.es\/llingua\/wp-json\/wp\/v2\/posts\/851\/revisions\/856"}],"wp:attachment":[{"href":"https:\/\/edublog.educastur.es\/llingua\/wp-json\/wp\/v2\/media?parent=851"}],"wp:term":[{"taxonomy":"category","embeddable":true,"href":"https:\/\/edublog.educastur.es\/llingua\/wp-json\/wp\/v2\/categories?post=851"},{"taxonomy":"post_tag","embeddable":true,"href":"https:\/\/edublog.educastur.es\/llingua\/wp-json\/wp\/v2\/tags?post=851"}],"curies":[{"name":"wp","href":"https:\/\/api.w.org\/{rel}","templated":true}]}}