{"id":862,"date":"2023-05-03T09:03:05","date_gmt":"2023-05-03T07:03:05","guid":{"rendered":"https:\/\/edublog.educastur.es\/llingua\/?p=862"},"modified":"2023-05-03T09:03:39","modified_gmt":"2023-05-03T07:03:39","slug":"862-2","status":"publish","type":"post","link":"https:\/\/edublog.educastur.es\/llingua\/862-2\/","title":{"rendered":"Documental sobre Lourdes \u00c1lvarez."},"content":{"rendered":"<p style=\"text-align: center\">\n<!-- iframe plugin v.6.0 wordpress.org\/plugins\/iframe\/ -->\n<iframe loading=\"lazy\" width=\"100%\" height=\"395\" src=\"https:\/\/www.youtube.com\/embed\/HAKoS2AvT0U\" title=\"Lourdes \u00c1lvarez. Premiu Nacional de Lliteratura Asturiana 2023\" frameborder=\"0\" allow=\"accelerometer; autoplay; clipboard-write; encrypted-media; gyroscope; picture-in-picture; web-share\" 0=\"allowfullscreen\" 1=\"\/iframe\" scrolling=\"yes\" class=\"iframe-class\"><\/iframe>\n<\/p>\n<div class=\"xdj266r x11i5rnm xat24cr x1mh8g0r x1vvkbs x126k92a\">\n<div dir=\"auto\">\u00ab<strong>Lourdes \u00c1lvarez. Premiu Nacional de Lliteratura Asturiana 2023<\/strong>\u00bb ye un documental dirix\u00edu por <a class=\"x1i10hfl xjbqb8w x6umtig x1b1mbwd xaqea5y xav7gou x9f619 x1ypdohk xt0psk2 xe8uvvx xdj266r x11i5rnm xat24cr x1mh8g0r xexx8yu x4uap5 x18d9i69 xkhd6sd x16tdsg8 x1hl2dhg xggy1nq x1a2a7pz xt0b8zv x1qq9wsj xo1l8bm\" role=\"link\" href=\"https:\/\/www.facebook.com\/inaciu?__cft__[0]=AZV8unQknyTWAnbGQMeJSgIN4Gt0jSvTRryz8Gjg61ANVcn5rJ2kYsfVNysVqHuPv7xs4y5kHjvHpB5PTo2QEjEKG1l3FHAxWOp8vP2ZoT8ArY8Bkvay7S4sgPWjGNj1BbXv7-NRvC640mVlg4iz3XSieuEM3zlgiMaK2btMdOBDAF7kWvR33OtSIypuUxkN222xw4JG4v7ofyd_600k4sq0&amp;__tn__=-]K-y-R\"><span class=\"xt0psk2\">Inaciu Gal\u00e1n<\/span><\/a>, periodista y Acad\u00e9micu de N\u00famberu de l&#8217;ALLA, que fai homenaxe a la trayeutoria lliteraria de la poeta de La G\u00fceria d&#8217;Urbi\u00e9s.\u00a0 Con esti testimoniu audiovisual, l&#8217;ALLA quier dexar constancia de la calid\u00e1 y la importancia de la obra de Lourdes \u00c1lvarez, una escritora que, en pallabres de Xos\u00e9 Ram\u00f3n Iglesias Cueva, \u00abye una de les voces m\u00e1s importantes de tol Surdimientu\u00bb.<\/div>\n<\/div>\n<div class=\"x11i5rnm xat24cr x1mh8g0r x1vvkbs xtlvy1s x126k92a\">\n<div dir=\"auto\"><span class=\"x3nfvp2 x1j61x8r x1fcty0u xdj266r xhhsvwb xat24cr xgzva0m xxymvpz xlup9mm x1kky2od\"><img loading=\"lazy\" decoding=\"async\" src=\"https:\/\/static.xx.fbcdn.net\/images\/emoji.php\/v9\/tb0\/1.5\/16\/1f39e.png\" alt=\"?\" width=\"16\" height=\"16\" \/><\/span><a href=\"https:\/\/www.youtube.com\/watch?v=HAKoS2AvT0U&amp;t=181s&amp;fbclid=IwAR0_Q-Qx6lv4MBkau_EwbvRdpYnuXigG8JBid49rtjOrzUHEhXzcmelu4Os\">Calcando nesti enllaz vas poder ver el documental completu<\/a><\/div>\n<div dir=\"auto\"><\/div>\n<\/div>\n<div dir=\"auto\"><span class=\"x3nfvp2 x1j61x8r x1fcty0u xdj266r xhhsvwb xat24cr xgzva0m xxymvpz xlup9mm x1kky2od\"><img loading=\"lazy\" decoding=\"async\" src=\"https:\/\/static.xx.fbcdn.net\/images\/emoji.php\/v9\/t63\/1.5\/16\/1f4fd.png\" alt=\"?\ufe0f\" width=\"16\" height=\"16\" \/><\/span> Y\u00e1 pod\u00e9is ver el documental sobre Lurdes \u00c1lvarez que preparemos dende l\u2019<a class=\"x1i10hfl xjbqb8w x6umtig x1b1mbwd xaqea5y xav7gou x9f619 x1ypdohk xt0psk2 xe8uvvx xdj266r x11i5rnm xat24cr x1mh8g0r xexx8yu x4uap5 x18d9i69 xkhd6sd x16tdsg8 x1hl2dhg xggy1nq x1a2a7pz xt0b8zv x1qq9wsj xo1l8bm\" role=\"link\" href=\"https:\/\/www.facebook.com\/AcademiadelaLlinguaAsturiana?__cft__[0]=AZV8unQknyTWAnbGQMeJSgIN4Gt0jSvTRryz8Gjg61ANVcn5rJ2kYsfVNysVqHuPv7xs4y5kHjvHpB5PTo2QEjEKG1l3FHAxWOp8vP2ZoT8ArY8Bkvay7S4sgPWjGNj1BbXv7-NRvC640mVlg4iz3XSieuEM3zlgiMaK2btMdOBDAF7kWvR33OtSIypuUxkN222xw4JG4v7ofyd_600k4sq0&amp;__tn__=-]K-R\"><span class=\"xt0psk2\">Academia de la Llingua Asturiana<\/span><\/a> como homenaxe a l\u2019autora, a la qu\u2019esti vienres vamos reconocer como Premlu Nacional de Lliteratura Asturiana 2023. Nel docu salen <a class=\"x1i10hfl xjbqb8w x6umtig x1b1mbwd xaqea5y xav7gou x9f619 x1ypdohk xt0psk2 xe8uvvx xdj266r x11i5rnm xat24cr x1mh8g0r xexx8yu x4uap5 x18d9i69 xkhd6sd x16tdsg8 x1hl2dhg xggy1nq x1a2a7pz xt0b8zv x1qq9wsj xo1l8bm\" role=\"link\" href=\"https:\/\/www.facebook.com\/xuanxose?__cft__[0]=AZV8unQknyTWAnbGQMeJSgIN4Gt0jSvTRryz8Gjg61ANVcn5rJ2kYsfVNysVqHuPv7xs4y5kHjvHpB5PTo2QEjEKG1l3FHAxWOp8vP2ZoT8ArY8Bkvay7S4sgPWjGNj1BbXv7-NRvC640mVlg4iz3XSieuEM3zlgiMaK2btMdOBDAF7kWvR33OtSIypuUxkN222xw4JG4v7ofyd_600k4sq0&amp;__tn__=-]K-R\"><span class=\"xt0psk2\">Xuan Xos\u00e9 S\u00e1nchez Vicente<\/span><\/a>, <a class=\"x1i10hfl xjbqb8w x6umtig x1b1mbwd xaqea5y xav7gou x9f619 x1ypdohk xt0psk2 xe8uvvx xdj266r x11i5rnm xat24cr x1mh8g0r xexx8yu x4uap5 x18d9i69 xkhd6sd x16tdsg8 x1hl2dhg xggy1nq x1a2a7pz xt0b8zv x1qq9wsj xo1l8bm\" role=\"link\" href=\"https:\/\/www.facebook.com\/xuan.bello?__cft__[0]=AZV8unQknyTWAnbGQMeJSgIN4Gt0jSvTRryz8Gjg61ANVcn5rJ2kYsfVNysVqHuPv7xs4y5kHjvHpB5PTo2QEjEKG1l3FHAxWOp8vP2ZoT8ArY8Bkvay7S4sgPWjGNj1BbXv7-NRvC640mVlg4iz3XSieuEM3zlgiMaK2btMdOBDAF7kWvR33OtSIypuUxkN222xw4JG4v7ofyd_600k4sq0&amp;__tn__=-]K-R\"><span class=\"xt0psk2\">Xuan Bello<\/span><\/a>, <a class=\"x1i10hfl xjbqb8w x6umtig x1b1mbwd xaqea5y xav7gou x9f619 x1ypdohk xt0psk2 xe8uvvx xdj266r x11i5rnm xat24cr x1mh8g0r xexx8yu x4uap5 x18d9i69 xkhd6sd x16tdsg8 x1hl2dhg xggy1nq x1a2a7pz xt0b8zv x1qq9wsj xo1l8bm\" role=\"link\" href=\"https:\/\/www.facebook.com\/marta.moridearriba?__cft__[0]=AZV8unQknyTWAnbGQMeJSgIN4Gt0jSvTRryz8Gjg61ANVcn5rJ2kYsfVNysVqHuPv7xs4y5kHjvHpB5PTo2QEjEKG1l3FHAxWOp8vP2ZoT8ArY8Bkvay7S4sgPWjGNj1BbXv7-NRvC640mVlg4iz3XSieuEM3zlgiMaK2btMdOBDAF7kWvR33OtSIypuUxkN222xw4JG4v7ofyd_600k4sq0&amp;__tn__=-]K-R\"><span class=\"xt0psk2\">Marta Mori de Arriba<\/span><\/a>, <a class=\"x1i10hfl xjbqb8w x6umtig x1b1mbwd xaqea5y xav7gou x9f619 x1ypdohk xt0psk2 xe8uvvx xdj266r x11i5rnm xat24cr x1mh8g0r xexx8yu x4uap5 x18d9i69 xkhd6sd x16tdsg8 x1hl2dhg xggy1nq x1a2a7pz xt0b8zv x1qq9wsj xo1l8bm\" role=\"link\" href=\"https:\/\/www.facebook.com\/roberto.gonzalezquevedo.9?__cft__[0]=AZV8unQknyTWAnbGQMeJSgIN4Gt0jSvTRryz8Gjg61ANVcn5rJ2kYsfVNysVqHuPv7xs4y5kHjvHpB5PTo2QEjEKG1l3FHAxWOp8vP2ZoT8ArY8Bkvay7S4sgPWjGNj1BbXv7-NRvC640mVlg4iz3XSieuEM3zlgiMaK2btMdOBDAF7kWvR33OtSIypuUxkN222xw4JG4v7ofyd_600k4sq0&amp;__tn__=-]K-R\"><span class=\"xt0psk2\">Roberto Gonz\u00e1lez-Quevedo<\/span><\/a>, Xos\u00e9 Ram\u00f3n Iglesias Cueva, <a class=\"x1i10hfl xjbqb8w x6umtig x1b1mbwd xaqea5y xav7gou x9f619 x1ypdohk xt0psk2 xe8uvvx xdj266r x11i5rnm xat24cr x1mh8g0r xexx8yu x4uap5 x18d9i69 xkhd6sd x16tdsg8 x1hl2dhg xggy1nq x1a2a7pz xt0b8zv x1qq9wsj xo1l8bm\" role=\"link\" href=\"https:\/\/www.facebook.com\/anabel.santiago.904108?__cft__[0]=AZV8unQknyTWAnbGQMeJSgIN4Gt0jSvTRryz8Gjg61ANVcn5rJ2kYsfVNysVqHuPv7xs4y5kHjvHpB5PTo2QEjEKG1l3FHAxWOp8vP2ZoT8ArY8Bkvay7S4sgPWjGNj1BbXv7-NRvC640mVlg4iz3XSieuEM3zlgiMaK2btMdOBDAF7kWvR33OtSIypuUxkN222xw4JG4v7ofyd_600k4sq0&amp;__tn__=-]K-R\"><span class=\"xt0psk2\">Anabel Santiago<\/span><\/a>, <a class=\"x1i10hfl xjbqb8w x6umtig x1b1mbwd xaqea5y xav7gou x9f619 x1ypdohk xt0psk2 xe8uvvx xdj266r x11i5rnm xat24cr x1mh8g0r xexx8yu x4uap5 x18d9i69 xkhd6sd x16tdsg8 x1hl2dhg xggy1nq x1a2a7pz xt0b8zv x1qq9wsj xo1l8bm\" role=\"link\" href=\"https:\/\/www.facebook.com\/anabelsantiagooficial?__cft__[0]=AZV8unQknyTWAnbGQMeJSgIN4Gt0jSvTRryz8Gjg61ANVcn5rJ2kYsfVNysVqHuPv7xs4y5kHjvHpB5PTo2QEjEKG1l3FHAxWOp8vP2ZoT8ArY8Bkvay7S4sgPWjGNj1BbXv7-NRvC640mVlg4iz3XSieuEM3zlgiMaK2btMdOBDAF7kWvR33OtSIypuUxkN222xw4JG4v7ofyd_600k4sq0&amp;__tn__=-]K-R\"><span class=\"xt0psk2\">Anabel Santiago<\/span><\/a>, Esther Prieto\u2026<\/div>\n<div class=\"x11i5rnm xat24cr x1mh8g0r x1vvkbs xtlvy1s x126k92a\">\n<div dir=\"auto\"><\/div>\n<\/div>\n","protected":false},"excerpt":{"rendered":"<p>\u00abLourdes \u00c1lvarez. Premiu Nacional de Lliteratura Asturiana 2023\u00bb ye un documental dirix\u00edu por Inaciu Gal\u00e1n, periodista y Acad\u00e9micu de N\u00famberu de l&#8217;ALLA, que fai homenaxe a la trayeutoria lliteraria de la poeta de La G\u00fceria d&#8217;Urbi\u00e9s.\u00a0 Con esti testimoniu audiovisual, l&#8217;ALLA quier dexar constancia de la calid\u00e1 y la importancia de la obra de Lourdes [&hellip;]<\/p>\n","protected":false},"author":117,"featured_media":0,"comment_status":"open","ping_status":"open","sticky":false,"template":"","format":"standard","meta":{"footnotes":""},"categories":[1],"tags":[],"class_list":["post-862","post","type-post","status-publish","format-standard","hentry","category-sin-categoria","post-preview"],"_links":{"self":[{"href":"https:\/\/edublog.educastur.es\/llingua\/wp-json\/wp\/v2\/posts\/862","targetHints":{"allow":["GET"]}}],"collection":[{"href":"https:\/\/edublog.educastur.es\/llingua\/wp-json\/wp\/v2\/posts"}],"about":[{"href":"https:\/\/edublog.educastur.es\/llingua\/wp-json\/wp\/v2\/types\/post"}],"author":[{"embeddable":true,"href":"https:\/\/edublog.educastur.es\/llingua\/wp-json\/wp\/v2\/users\/117"}],"replies":[{"embeddable":true,"href":"https:\/\/edublog.educastur.es\/llingua\/wp-json\/wp\/v2\/comments?post=862"}],"version-history":[{"count":2,"href":"https:\/\/edublog.educastur.es\/llingua\/wp-json\/wp\/v2\/posts\/862\/revisions"}],"predecessor-version":[{"id":864,"href":"https:\/\/edublog.educastur.es\/llingua\/wp-json\/wp\/v2\/posts\/862\/revisions\/864"}],"wp:attachment":[{"href":"https:\/\/edublog.educastur.es\/llingua\/wp-json\/wp\/v2\/media?parent=862"}],"wp:term":[{"taxonomy":"category","embeddable":true,"href":"https:\/\/edublog.educastur.es\/llingua\/wp-json\/wp\/v2\/categories?post=862"},{"taxonomy":"post_tag","embeddable":true,"href":"https:\/\/edublog.educastur.es\/llingua\/wp-json\/wp\/v2\/tags?post=862"}],"curies":[{"name":"wp","href":"https:\/\/api.w.org\/{rel}","templated":true}]}}