{"id":870,"date":"2023-05-09T18:58:26","date_gmt":"2023-05-09T16:58:26","guid":{"rendered":"https:\/\/edublog.educastur.es\/llingua\/?p=870"},"modified":"2023-06-15T21:18:05","modified_gmt":"2023-06-15T19:18:05","slug":"870-2","status":"publish","type":"post","link":"https:\/\/edublog.educastur.es\/llingua\/870-2\/","title":{"rendered":""},"content":{"rendered":"<ul>\n<li><a href=\"https:\/\/politicallinguistica.asturias.es\/-\/ya-puede-descargase-nesta-web-el-pdf-del-llibru-igor-medio-el-carbon-y-l-arena?fbclid=IwAR0o28O18KAbdCi1FhUeFGpNqs2lHp1DGPOBZLOm-0C62Zgw1zt2lISPlPs\">Fonte: Pol\u00edtica Lling\u00fc\u00edstica<\/a><\/li>\n<li>Descarga&#8217;l llibru nesti enllaz\u00a0 <em><a href=\"https:\/\/politicallinguistica.asturias.es\/documents\/35940\/202901\/Web-Falame-duce.pdf\/bca0569e-2ac6-0967-d211-4e2d0387bcec?t=1683628372038\" target=\"_blank\" rel=\"noopener\">X<\/a><\/em><a href=\"https:\/\/politicallinguistica.asturias.es\/documents\/35940\/202901\/Web-Falame-duce.pdf\/bca0569e-2ac6-0967-d211-4e2d0387bcec?t=1683628372038\" target=\"_blank\" rel=\"noopener\"><em>os\u00e9 Bolado. F\u00e1lame duce<\/em><\/a>.<\/li>\n<\/ul>\n<p style=\"text-align: center\"><a href=\"https:\/\/politicallinguistica.asturias.es\/documents\/71052\/205336\/Xos%C3%A9+Bolado.+F%C3%A1lame+duce+%281%29.jpg\/40e91609-eb0f-65ad-6530-98d8a1a9abbf?t=1683629373510\"><img loading=\"lazy\" decoding=\"async\" class=\"aligncenter\" src=\"https:\/\/politicallinguistica.asturias.es\/documents\/71052\/205336\/Xos%C3%A9+Bolado.+F%C3%A1lame+duce+%281%29.jpg\/40e91609-eb0f-65ad-6530-98d8a1a9abbf?t=1683629373510\" alt=\"\" width=\"355\" height=\"502\" \/><\/a><\/p>\n<p>El vienres 5 de mayu celebr\u00f3se&#8217;l D\u00eda de les Lletres Asturianes, que supunxo la presentaci\u00f3n en socied\u00e1 del llibru <em>Xos\u00e9 Bolado. F\u00e1lame duce<\/em>, obra conmemorativa de la 44 Selmana de les Lletres Asturianes, coordinada por Marta Mori.<\/p>\n<p>El llibru y\u00e1 ta disponible pa la so descarga gratuita nel cat\u00e1logu bibliogr\u00e1ficu d&#8217;esta web y nesti enllaz: <em><a href=\"https:\/\/politicallinguistica.asturias.es\/documents\/35940\/202901\/Web-Falame-duce.pdf\/bca0569e-2ac6-0967-d211-4e2d0387bcec?t=1683628372038\" target=\"_blank\" rel=\"noopener\">X<\/a><\/em><a href=\"https:\/\/politicallinguistica.asturias.es\/documents\/35940\/202901\/Web-Falame-duce.pdf\/bca0569e-2ac6-0967-d211-4e2d0387bcec?t=1683628372038\" target=\"_blank\" rel=\"noopener\"><em>os\u00e9 Bolado. F\u00e1lame duce<\/em><\/a>.<\/p>\n<p><!--more--><\/p>\n<p>Conten\u00edu de la obra:<\/p>\n<p>-Presentaci\u00f3n institucional, al cargu d&#8217;Adri\u00e1n Barb\u00f3n.<\/p>\n<p>-Pr\u00f3logu de Marta Mori.<\/p>\n<p>-\u00abAsturies: de la Dictadura al afianzamientu democr\u00e1ticu. El papel del asturianismu\u00bb, por Irene D\u00edaz Mart\u00ednez.<\/p>\n<p>-\u00abLa se\u00f1ald\u00e1 yera posible. La militancia pol\u00edtica na defensa del asturianu de Xos\u00e9 Bolado\u00bb, por Arantxa Margolles Beran.<\/p>\n<p>-\u00abXardineru y rebelde\u00bb, por Cheni Ur\u00eda.<\/p>\n<p>-\u00abXos\u00e9 Bolado a travi\u00e9s del calidoscopiu\u00bb, por Vicente Garc\u00eda Oliva.<\/p>\n<p>-\u00abXos\u00e9 Bolado y l&#8217;Aten\u00e9u Obreru de Xix\u00f3n\u00bb, por Luis Pascual.<\/p>\n<p>-\u00abXos\u00e9 Bolado y l&#8217;Academia de la Llingua Asturiana\u00bb, por Ana M.\u00aa Cano Gonz\u00e1lez.<\/p>\n<p>-\u00abNa alcordanza del amigu, Xos\u00e9 Bolado\u00bb, por Paz Fonticiella Guti\u00e9rrez.<\/p>\n<p>-\u00abUna conversaci\u00f3n pendiente\u00bb, por Pablo Ant\u00f3n Mar\u00edn Estrada.<\/p>\n<p>-\u00abBoladiana, un apunte contra l&#8217;olvidu\u00bb, por Jos\u00e9 Luis Arg\u00fcelles.<\/p>\n<p>-\u00abPaisaxes y s\u00edmbolos o c\u00f3mo s&#8217;escribe la vida na poes\u00eda de Xos\u00e9 Bolado\u00bb, por Esther Munta\u00f1ola.<\/p>\n<p>-\u00abBolado a la lluz de la poes\u00eda actual\u00bb, por Diego Garc\u00eda Sol\u00eds.<\/p>\n<p>Am\u00e1s, el llibru incluye seis c\u00f3digos QR que dexan acceder a otros tantos cantares compuestos por Ana Lamela a partir de poemes de Xos\u00e9 Bolado.<\/p>\n","protected":false},"excerpt":{"rendered":"<p>Fonte: Pol\u00edtica Lling\u00fc\u00edstica Descarga&#8217;l llibru nesti enllaz\u00a0 Xos\u00e9 Bolado. F\u00e1lame duce. El vienres 5 de mayu celebr\u00f3se&#8217;l D\u00eda de les Lletres Asturianes, que supunxo la presentaci\u00f3n en socied\u00e1 del llibru Xos\u00e9 Bolado. F\u00e1lame duce, obra conmemorativa de la 44 Selmana de les Lletres Asturianes, coordinada por Marta Mori. El llibru y\u00e1 ta disponible pa la [&hellip;]<\/p>\n","protected":false},"author":117,"featured_media":0,"comment_status":"open","ping_status":"open","sticky":false,"template":"","format":"standard","meta":{"footnotes":""},"categories":[24],"tags":[],"class_list":["post-870","post","type-post","status-publish","format-standard","hentry","category-llibros","post-preview"],"_links":{"self":[{"href":"https:\/\/edublog.educastur.es\/llingua\/wp-json\/wp\/v2\/posts\/870","targetHints":{"allow":["GET"]}}],"collection":[{"href":"https:\/\/edublog.educastur.es\/llingua\/wp-json\/wp\/v2\/posts"}],"about":[{"href":"https:\/\/edublog.educastur.es\/llingua\/wp-json\/wp\/v2\/types\/post"}],"author":[{"embeddable":true,"href":"https:\/\/edublog.educastur.es\/llingua\/wp-json\/wp\/v2\/users\/117"}],"replies":[{"embeddable":true,"href":"https:\/\/edublog.educastur.es\/llingua\/wp-json\/wp\/v2\/comments?post=870"}],"version-history":[{"count":3,"href":"https:\/\/edublog.educastur.es\/llingua\/wp-json\/wp\/v2\/posts\/870\/revisions"}],"predecessor-version":[{"id":874,"href":"https:\/\/edublog.educastur.es\/llingua\/wp-json\/wp\/v2\/posts\/870\/revisions\/874"}],"wp:attachment":[{"href":"https:\/\/edublog.educastur.es\/llingua\/wp-json\/wp\/v2\/media?parent=870"}],"wp:term":[{"taxonomy":"category","embeddable":true,"href":"https:\/\/edublog.educastur.es\/llingua\/wp-json\/wp\/v2\/categories?post=870"},{"taxonomy":"post_tag","embeddable":true,"href":"https:\/\/edublog.educastur.es\/llingua\/wp-json\/wp\/v2\/tags?post=870"}],"curies":[{"name":"wp","href":"https:\/\/api.w.org\/{rel}","templated":true}]}}