{"id":884,"date":"2023-07-30T15:36:27","date_gmt":"2023-07-30T13:36:27","guid":{"rendered":"https:\/\/edublog.educastur.es\/llingua\/?p=884"},"modified":"2023-07-30T15:36:27","modified_gmt":"2023-07-30T13:36:27","slug":"premiu-de-novela-curtia-andres-solar-santurio","status":"publish","type":"post","link":"https:\/\/edublog.educastur.es\/llingua\/premiu-de-novela-curtia-andres-solar-santurio\/","title":{"rendered":"Premiu de Novela Curtia \u00abAndr\u00e9s Solar Santurio\u00bb."},"content":{"rendered":"<p><span class=\"x193iq5w xeuugli x13faqbe x1vvkbs x1xmvt09 x1lliihq x1s928wv xhkezso x1gmr53x x1cpjm7i x1fgarty x1943h6x xudqn12 x3x7a5m x1f6kntn xvq8zen xo1l8bm xzsf02u\" dir=\"auto\">Con esta infograf\u00eda pod\u00e9is conocer un poco\u00f1\u00edn m\u00e1s al autor que-y pon nome al premiu lliterariu entam\u00e1u pola Oficina de Normalizaci\u00f3n Lling\u00fc\u00edstica, el Premiu de Novela Curtia \u00abAndr\u00e9s Solar Santurio\u00bb. <span class=\"x3nfvp2 x1j61x8r x1fcty0u xdj266r xhhsvwb xat24cr xgzva0m xxymvpz xlup9mm x1kky2od\"><img loading=\"lazy\" decoding=\"async\" src=\"https:\/\/static.xx.fbcdn.net\/images\/emoji.php\/v9\/tb5\/1.5\/16\/1f5d3.png\" alt=\"?\ufe0f\" width=\"16\" height=\"16\" \/><\/span> <a href=\"https:\/\/www.gijon.es\/es\/publicaciones\/iii-premiu-de-novela-curtia-andres-solar-santurio-0?fbclid=IwAR2Kunnq_BR5uuwZnJ8jTO82xVXmxt891UQF4IFOF9TxW0xUTJxYnQGYTmQ\">Record\u00e1mosvos que ta abiertu&#8217;l plazu hasta&#8217;l 26 de setiembre de 2023.<\/a><\/span><\/p>\n<p style=\"text-align: center\">\n<!-- iframe plugin v.6.0 wordpress.org\/plugins\/iframe\/ -->\n<iframe loading=\"lazy\" src=\"https:\/\/www.facebook.com\/plugins\/post.php?href=https%3A%2F%2Fwww.facebook.com%2Fofillin%2Fposts%2Fpfbid02ToFdVnctoSXJmXdnADjuAV54NHPN7PfL1Zn7ZZdjsPrgWSnM7MsA3rTfTYGDcmpml&#038;show_text=false&#038;width=500\" width=\"500\" height=\"498\" style=\"border:none;overflow:hidden\" scrolling=\"no\" frameborder=\"0\" allowfullscreen=\"true\" allow=\"autoplay; clipboard-write; encrypted-media; picture-in-picture; web-share\" 0=\"\/iframe\" class=\"iframe-class\"><\/iframe>\n<\/p>\n","protected":false},"excerpt":{"rendered":"<p>Con esta infograf\u00eda pod\u00e9is conocer un poco\u00f1\u00edn m\u00e1s al autor que-y pon nome al premiu lliterariu entam\u00e1u pola Oficina de Normalizaci\u00f3n Lling\u00fc\u00edstica, el Premiu de Novela Curtia \u00abAndr\u00e9s Solar Santurio\u00bb. Record\u00e1mosvos que ta abiertu&#8217;l plazu hasta&#8217;l 26 de setiembre de 2023.<\/p>\n","protected":false},"author":117,"featured_media":0,"comment_status":"open","ping_status":"open","sticky":false,"template":"","format":"standard","meta":{"footnotes":""},"categories":[11],"tags":[],"class_list":["post-884","post","type-post","status-publish","format-standard","hentry","category-premios","post-preview"],"_links":{"self":[{"href":"https:\/\/edublog.educastur.es\/llingua\/wp-json\/wp\/v2\/posts\/884","targetHints":{"allow":["GET"]}}],"collection":[{"href":"https:\/\/edublog.educastur.es\/llingua\/wp-json\/wp\/v2\/posts"}],"about":[{"href":"https:\/\/edublog.educastur.es\/llingua\/wp-json\/wp\/v2\/types\/post"}],"author":[{"embeddable":true,"href":"https:\/\/edublog.educastur.es\/llingua\/wp-json\/wp\/v2\/users\/117"}],"replies":[{"embeddable":true,"href":"https:\/\/edublog.educastur.es\/llingua\/wp-json\/wp\/v2\/comments?post=884"}],"version-history":[{"count":1,"href":"https:\/\/edublog.educastur.es\/llingua\/wp-json\/wp\/v2\/posts\/884\/revisions"}],"predecessor-version":[{"id":885,"href":"https:\/\/edublog.educastur.es\/llingua\/wp-json\/wp\/v2\/posts\/884\/revisions\/885"}],"wp:attachment":[{"href":"https:\/\/edublog.educastur.es\/llingua\/wp-json\/wp\/v2\/media?parent=884"}],"wp:term":[{"taxonomy":"category","embeddable":true,"href":"https:\/\/edublog.educastur.es\/llingua\/wp-json\/wp\/v2\/categories?post=884"},{"taxonomy":"post_tag","embeddable":true,"href":"https:\/\/edublog.educastur.es\/llingua\/wp-json\/wp\/v2\/tags?post=884"}],"curies":[{"name":"wp","href":"https:\/\/api.w.org\/{rel}","templated":true}]}}