{"id":110,"date":"2023-11-27T14:15:06","date_gmt":"2023-11-27T14:15:06","guid":{"rendered":"https:\/\/edublog.educastur.es\/losde3empezamos\/?p=110"},"modified":"2023-11-27T14:15:06","modified_gmt":"2023-11-27T14:15:06","slug":"para-querer-bien","status":"publish","type":"post","link":"https:\/\/edublog.educastur.es\/losde3empezamos\/2023\/11\/27\/para-querer-bien\/","title":{"rendered":"Para querer bien&#8230;"},"content":{"rendered":"<p style=\"text-align: justify\">Esta semana la terminamos recordando lo importante que es tratarnos bien entre nosotros porque en Xentiquina&#8230; \u00a1todos somos amigos!<img loading=\"lazy\" decoding=\"async\" class=\"size-medium wp-image-111 alignright\" src=\"http:\/\/edublog.educastur.es\/losde3empezamos\/files\/2023\/11\/IMG_0162-300x150.jpg\" alt=\"\" width=\"300\" height=\"150\" srcset=\"https:\/\/edublog.educastur.es\/losde3empezamos\/files\/2023\/11\/IMG_0162-300x150.jpg 300w, https:\/\/edublog.educastur.es\/losde3empezamos\/files\/2023\/11\/IMG_0162-768x383.jpg 768w, https:\/\/edublog.educastur.es\/losde3empezamos\/files\/2023\/11\/IMG_0162.jpg 1000w\" sizes=\"auto, (max-width: 300px) 100vw, 300px\" \/><\/p>\n<p style=\"text-align: justify\">Pablo nos cont\u00f3 un cuento muy chulo en el que nos recordaba que cuando nos enfadamos&#8230; debemos respirar profundamente y as\u00ed nos tranquilizamos. En clase usamos una canci\u00f3n que tambi\u00e9n nos ayuda mucho que pod\u00e9is o\u00edr en el siguiente enlace: <a href=\"https:\/\/youtu.be\/aixHCo0HIP4?si=Kt1sXtYQpMcAyJsJ\" target=\"_blank\" rel=\"noopener\">\u00abYo me tranquilizo\u00bb<\/a>.<\/p>\n<p style=\"text-align: justify\">Con Pablo hicimos un gran mural y un mont\u00f3n de corazones que pod\u00e9is ver en la galer\u00eda de fotos. Acabamos con el cuento \u00abCosita Linda\u00bb en el que un gorila habla \u00abcon las manos\u00bb como nosotros.<\/p>\n<p>En clase continuamos trabajando con las letras de nuestro nombre, cada vez lo hacemos mejor, y el pollo Pepe nos recuerda que \u00abantes de merendar&#8230; las manos debemos lavar\u00bb.<\/p>\n<p style=\"text-align: center\"><em><span style=\"color: #008000\"><strong>\u00abFeliz inicio de semana!<\/strong><\/span><\/em><\/p>\n<p>&nbsp;<\/p>\n","protected":false},"excerpt":{"rendered":"<p>Esta semana la terminamos recordando lo importante que es tratarnos bien entre nosotros porque en Xentiquina&#8230; \u00a1todos somos amigos! Pablo nos cont\u00f3 un cuento muy chulo en el que nos recordaba que cuando nos enfadamos&#8230; debemos respirar profundamente y as\u00ed nos tranquilizamos. En clase usamos una canci\u00f3n que tambi\u00e9n nos ayuda mucho que pod\u00e9is o\u00edr&hellip; <a href=\"https:\/\/edublog.educastur.es\/losde3empezamos\/2023\/11\/27\/para-querer-bien\/\" class=\"more-link\">Seguir leyendo <span class=\"screen-reader-text\">Para querer bien&#8230;<\/span><\/a><\/p>\n","protected":false},"author":562,"featured_media":0,"comment_status":"open","ping_status":"open","sticky":false,"template":"","format":"standard","meta":{"footnotes":""},"categories":[7],"tags":[3],"class_list":["post-110","post","type-post","status-publish","format-standard","hentry","category-dias-especiales","tag-el-pollo-pepe","without-featured-image"],"_links":{"self":[{"href":"https:\/\/edublog.educastur.es\/losde3empezamos\/wp-json\/wp\/v2\/posts\/110","targetHints":{"allow":["GET"]}}],"collection":[{"href":"https:\/\/edublog.educastur.es\/losde3empezamos\/wp-json\/wp\/v2\/posts"}],"about":[{"href":"https:\/\/edublog.educastur.es\/losde3empezamos\/wp-json\/wp\/v2\/types\/post"}],"author":[{"embeddable":true,"href":"https:\/\/edublog.educastur.es\/losde3empezamos\/wp-json\/wp\/v2\/users\/562"}],"replies":[{"embeddable":true,"href":"https:\/\/edublog.educastur.es\/losde3empezamos\/wp-json\/wp\/v2\/comments?post=110"}],"version-history":[{"count":1,"href":"https:\/\/edublog.educastur.es\/losde3empezamos\/wp-json\/wp\/v2\/posts\/110\/revisions"}],"predecessor-version":[{"id":112,"href":"https:\/\/edublog.educastur.es\/losde3empezamos\/wp-json\/wp\/v2\/posts\/110\/revisions\/112"}],"wp:attachment":[{"href":"https:\/\/edublog.educastur.es\/losde3empezamos\/wp-json\/wp\/v2\/media?parent=110"}],"wp:term":[{"taxonomy":"category","embeddable":true,"href":"https:\/\/edublog.educastur.es\/losde3empezamos\/wp-json\/wp\/v2\/categories?post=110"},{"taxonomy":"post_tag","embeddable":true,"href":"https:\/\/edublog.educastur.es\/losde3empezamos\/wp-json\/wp\/v2\/tags?post=110"}],"curies":[{"name":"wp","href":"https:\/\/api.w.org\/{rel}","templated":true}]}}