{"id":123,"date":"2024-01-30T13:50:58","date_gmt":"2024-01-30T13:50:58","guid":{"rendered":"https:\/\/edublog.educastur.es\/losde3empezamos\/?p=123"},"modified":"2024-01-30T13:50:58","modified_gmt":"2024-01-30T13:50:58","slug":"estamos-de-vuelta","status":"publish","type":"post","link":"https:\/\/edublog.educastur.es\/losde3empezamos\/2024\/01\/30\/estamos-de-vuelta\/","title":{"rendered":"\u00a1Estamos de vuelta!"},"content":{"rendered":"<p style=\"text-align: justify\"><img loading=\"lazy\" decoding=\"async\" class=\"size-medium wp-image-130 alignleft\" src=\"http:\/\/edublog.educastur.es\/losde3empezamos\/files\/2024\/01\/IMG_0162-300x254.jpg\" alt=\"\" width=\"300\" height=\"254\" srcset=\"https:\/\/edublog.educastur.es\/losde3empezamos\/files\/2024\/01\/IMG_0162-300x254.jpg 300w, https:\/\/edublog.educastur.es\/losde3empezamos\/files\/2024\/01\/IMG_0162-768x649.jpg 768w, https:\/\/edublog.educastur.es\/losde3empezamos\/files\/2024\/01\/IMG_0162.jpg 800w\" sizes=\"auto, (max-width: 300px) 100vw, 300px\" \/>Despu\u00e9s de un gran par\u00f3n (por motivos t\u00e9cnicos ajenos a nosotros), volvemos a acompa\u00f1aros y a contaros qu\u00e9 es lo que estamos haciendo en el cole.<\/p>\n<p style=\"text-align: justify\">Este trimestre, en infantil, \u00abDescubrimos mundo\u00bb y nosotros, los de 3, viajaremos con nuestra imaginaci\u00f3n al Polo Norte. Conoceremos a los INUIT, los animales que hay por all\u00ed y&#8230; \u00a1muchas cosas m\u00e1s! Podemos traer al cole cosas relacionadas con el tema para comentarlas en clase (v\u00eddeos, cuentos, mu\u00f1ecos&#8230;).<\/p>\n<p style=\"text-align: justify\">Y como pod\u00e9is ver en la foto&#8230; por fin fuimos a la Viesquina, nos pusimos las botas (ya somos mayores y podemos hacerlo casi solos) y recordamos que, como el suelo est\u00e1 h\u00famedo, hay cosas que a\u00fan no podemos hacer (sentarnos en el suelo, contar cuentos en los palets,&#8230;).<\/p>\n<p>En la barra lateral pod\u00e9is acceder a la asamblea y a un mont\u00f3n de recursos que utilizamos en clase y os invitamos a probar.<\/p>\n<p style=\"text-align: center\"><em><span style=\"font-size: 18pt;color: #008000\">\u00a1Feliz semana!<\/span><\/em><\/p>\n","protected":false},"excerpt":{"rendered":"<p>Despu\u00e9s de un gran par\u00f3n (por motivos t\u00e9cnicos ajenos a nosotros), volvemos a acompa\u00f1aros y a contaros qu\u00e9 es lo que estamos haciendo en el cole. Este trimestre, en infantil, \u00abDescubrimos mundo\u00bb y nosotros, los de 3, viajaremos con nuestra imaginaci\u00f3n al Polo Norte. Conoceremos a los INUIT, los animales que hay por all\u00ed y&#8230;&hellip; <a href=\"https:\/\/edublog.educastur.es\/losde3empezamos\/2024\/01\/30\/estamos-de-vuelta\/\" class=\"more-link\">Seguir leyendo <span class=\"screen-reader-text\">\u00a1Estamos de vuelta!<\/span><\/a><\/p>\n","protected":false},"author":562,"featured_media":0,"comment_status":"open","ping_status":"open","sticky":false,"template":"","format":"standard","meta":{"footnotes":""},"categories":[4],"tags":[10],"class_list":["post-123","post","type-post","status-publish","format-standard","hentry","category-proyectos","tag-conocemos-mundo","without-featured-image"],"_links":{"self":[{"href":"https:\/\/edublog.educastur.es\/losde3empezamos\/wp-json\/wp\/v2\/posts\/123","targetHints":{"allow":["GET"]}}],"collection":[{"href":"https:\/\/edublog.educastur.es\/losde3empezamos\/wp-json\/wp\/v2\/posts"}],"about":[{"href":"https:\/\/edublog.educastur.es\/losde3empezamos\/wp-json\/wp\/v2\/types\/post"}],"author":[{"embeddable":true,"href":"https:\/\/edublog.educastur.es\/losde3empezamos\/wp-json\/wp\/v2\/users\/562"}],"replies":[{"embeddable":true,"href":"https:\/\/edublog.educastur.es\/losde3empezamos\/wp-json\/wp\/v2\/comments?post=123"}],"version-history":[{"count":1,"href":"https:\/\/edublog.educastur.es\/losde3empezamos\/wp-json\/wp\/v2\/posts\/123\/revisions"}],"predecessor-version":[{"id":131,"href":"https:\/\/edublog.educastur.es\/losde3empezamos\/wp-json\/wp\/v2\/posts\/123\/revisions\/131"}],"wp:attachment":[{"href":"https:\/\/edublog.educastur.es\/losde3empezamos\/wp-json\/wp\/v2\/media?parent=123"}],"wp:term":[{"taxonomy":"category","embeddable":true,"href":"https:\/\/edublog.educastur.es\/losde3empezamos\/wp-json\/wp\/v2\/categories?post=123"},{"taxonomy":"post_tag","embeddable":true,"href":"https:\/\/edublog.educastur.es\/losde3empezamos\/wp-json\/wp\/v2\/tags?post=123"}],"curies":[{"name":"wp","href":"https:\/\/api.w.org\/{rel}","templated":true}]}}