{"id":235,"date":"2024-05-28T12:21:44","date_gmt":"2024-05-28T12:21:44","guid":{"rendered":"https:\/\/edublog.educastur.es\/losde3empezamos\/?p=235"},"modified":"2024-05-28T12:21:44","modified_gmt":"2024-05-28T12:21:44","slug":"rincon-del-rio","status":"publish","type":"post","link":"https:\/\/edublog.educastur.es\/losde3empezamos\/2024\/05\/28\/rincon-del-rio\/","title":{"rendered":"Rinc\u00f3n del r\u00edo"},"content":{"rendered":"<p style=\"text-align: justify\"><img loading=\"lazy\" decoding=\"async\" class=\"size-medium wp-image-236 aligncenter\" src=\"http:\/\/edublog.educastur.es\/losde3empezamos\/files\/2024\/05\/IMG_1440-300x186.jpg\" alt=\"\" width=\"300\" height=\"186\" srcset=\"https:\/\/edublog.educastur.es\/losde3empezamos\/files\/2024\/05\/IMG_1440-300x186.jpg 300w, https:\/\/edublog.educastur.es\/losde3empezamos\/files\/2024\/05\/IMG_1440-768x475.jpg 768w, https:\/\/edublog.educastur.es\/losde3empezamos\/files\/2024\/05\/IMG_1440.jpg 904w\" sizes=\"auto, (max-width: 300px) 100vw, 300px\" \/>El viernes, por fin, pudimos colaborar con el \u00abRinc\u00f3n del R\u00edo\u00bb que estamos montando los de infantil. Pensamos en todos los \u00abbichitos\u00bb que podemos encontrar a la orilla del r\u00edo y nos pusimos a dibujar. Saltamontes, mariquitas, truchas&#8230; \u00a1Menuda cantidad de animales pudimos encontrar!<\/p>\n<p style=\"text-align: justify\">Adem\u00e1s, con las tablets del cole, hicimos que \u00abcobraran vida\u00bb. \u00a1Parec\u00eda cosa de magia! Se mov\u00edan, saltaban, corr\u00edan. Fue super-divertido.<img loading=\"lazy\" decoding=\"async\" class=\"size-medium wp-image-237 alignright\" src=\"http:\/\/edublog.educastur.es\/losde3empezamos\/files\/2024\/05\/IMG_1407-300x225.jpg\" alt=\"\" width=\"300\" height=\"225\" srcset=\"https:\/\/edublog.educastur.es\/losde3empezamos\/files\/2024\/05\/IMG_1407-300x225.jpg 300w, https:\/\/edublog.educastur.es\/losde3empezamos\/files\/2024\/05\/IMG_1407-768x576.jpg 768w, https:\/\/edublog.educastur.es\/losde3empezamos\/files\/2024\/05\/IMG_1407.jpg 1000w\" sizes=\"auto, (max-width: 300px) 100vw, 300px\" \/><\/p>\n<p style=\"text-align: justify\">Y otra experiencia genial, fue la visita de \u00abTr\u00e1fico\u00bb que nos recordaron un mont\u00f3n de cosas importantes que debemos saber para circular seguros por las carreteras y las aceras: nunca distraer a los mayores que van conduciendo, caminar siempre cerca de la pared, en bici usar siempre el casco, llevar siempre el cintur\u00f3n en el coche aunque nos moleste&#8230; y, como recompensa&#8230; \u00a1Nos dejaron subir en la moto y en el coche! Pod\u00e9is vernos en las fotos, alguno, con cara de miedo.<\/p>\n<p style=\"text-align: justify\">\u00a1Ah! Quer\u00edamos agradecer a Amaya, una mam\u00e1 del cole, que nos viniera a contar unos cuentos muy interesantes para recordarnos la importancia de cuidarnos y respetarnos unos a otros.<\/p>\n<p style=\"text-align: center\"><span style=\"font-size: 14pt\"><em><span style=\"color: #008000\"><strong>\u00a1Feliz semana, familias!<\/strong><\/span><\/em><\/span><\/p>\n<p>&nbsp;<\/p>\n","protected":false},"excerpt":{"rendered":"<p>El viernes, por fin, pudimos colaborar con el \u00abRinc\u00f3n del R\u00edo\u00bb que estamos montando los de infantil. Pensamos en todos los \u00abbichitos\u00bb que podemos encontrar a la orilla del r\u00edo y nos pusimos a dibujar. Saltamontes, mariquitas, truchas&#8230; \u00a1Menuda cantidad de animales pudimos encontrar! Adem\u00e1s, con las tablets del cole, hicimos que \u00abcobraran vida\u00bb. \u00a1Parec\u00eda&hellip; <a href=\"https:\/\/edublog.educastur.es\/losde3empezamos\/2024\/05\/28\/rincon-del-rio\/\" class=\"more-link\">Seguir leyendo <span class=\"screen-reader-text\">Rinc\u00f3n del r\u00edo<\/span><\/a><\/p>\n","protected":false},"author":562,"featured_media":0,"comment_status":"open","ping_status":"open","sticky":false,"template":"","format":"standard","meta":{"footnotes":""},"categories":[7],"tags":[15],"class_list":["post-235","post","type-post","status-publish","format-standard","hentry","category-dias-especiales","tag-agua-es-buscame-en-el-rio","without-featured-image"],"_links":{"self":[{"href":"https:\/\/edublog.educastur.es\/losde3empezamos\/wp-json\/wp\/v2\/posts\/235","targetHints":{"allow":["GET"]}}],"collection":[{"href":"https:\/\/edublog.educastur.es\/losde3empezamos\/wp-json\/wp\/v2\/posts"}],"about":[{"href":"https:\/\/edublog.educastur.es\/losde3empezamos\/wp-json\/wp\/v2\/types\/post"}],"author":[{"embeddable":true,"href":"https:\/\/edublog.educastur.es\/losde3empezamos\/wp-json\/wp\/v2\/users\/562"}],"replies":[{"embeddable":true,"href":"https:\/\/edublog.educastur.es\/losde3empezamos\/wp-json\/wp\/v2\/comments?post=235"}],"version-history":[{"count":1,"href":"https:\/\/edublog.educastur.es\/losde3empezamos\/wp-json\/wp\/v2\/posts\/235\/revisions"}],"predecessor-version":[{"id":238,"href":"https:\/\/edublog.educastur.es\/losde3empezamos\/wp-json\/wp\/v2\/posts\/235\/revisions\/238"}],"wp:attachment":[{"href":"https:\/\/edublog.educastur.es\/losde3empezamos\/wp-json\/wp\/v2\/media?parent=235"}],"wp:term":[{"taxonomy":"category","embeddable":true,"href":"https:\/\/edublog.educastur.es\/losde3empezamos\/wp-json\/wp\/v2\/categories?post=235"},{"taxonomy":"post_tag","embeddable":true,"href":"https:\/\/edublog.educastur.es\/losde3empezamos\/wp-json\/wp\/v2\/tags?post=235"}],"curies":[{"name":"wp","href":"https:\/\/api.w.org\/{rel}","templated":true}]}}