{"id":239,"date":"2024-06-02T09:24:00","date_gmt":"2024-06-02T09:24:00","guid":{"rendered":"https:\/\/edublog.educastur.es\/losde3empezamos\/?p=239"},"modified":"2024-06-02T09:24:00","modified_gmt":"2024-06-02T09:24:00","slug":"policia-intercentros-y-mas","status":"publish","type":"post","link":"https:\/\/edublog.educastur.es\/losde3empezamos\/2024\/06\/02\/policia-intercentros-y-mas\/","title":{"rendered":"Polic\u00eda, Intercentros y&#8230; m\u00e1s"},"content":{"rendered":"<p><img loading=\"lazy\" decoding=\"async\" class=\"size-medium wp-image-240 alignright\" src=\"http:\/\/edublog.educastur.es\/losde3empezamos\/files\/2024\/06\/IMG_1463-e1717319553138-300x156.jpg\" alt=\"\" width=\"300\" height=\"156\" srcset=\"https:\/\/edublog.educastur.es\/losde3empezamos\/files\/2024\/06\/IMG_1463-e1717319553138-300x156.jpg 300w, https:\/\/edublog.educastur.es\/losde3empezamos\/files\/2024\/06\/IMG_1463-e1717319553138-768x400.jpg 768w, https:\/\/edublog.educastur.es\/losde3empezamos\/files\/2024\/06\/IMG_1463-e1717319553138.jpg 1000w\" sizes=\"auto, (max-width: 300px) 100vw, 300px\" \/>Hemos cerrado la \u00faltima semana de mayo&#8230; \u00a1por todo lo alto!<\/p>\n<p>Empezamos muy \u00abtranquilitos\u00bb, hablando del r\u00edo, con la asamblea,&#8230; Pero, como ya podemos jugar en el \u00abprao\u00bb, empezamos a salir m\u00e1s a jugar.<\/p>\n<p>El jueves, gracias al <a href=\"https:\/\/www.instagram.com\/reel\/C7lrcYsNQb-\/?utm_source=ig_web_button_share_sheet\" target=\"_blank\" rel=\"noopener\"><strong><em><span style=\"color: #008000\">Plan Director<\/span><\/em><\/strong>, la Polic\u00eda de Siero<\/a> nos hizo una visita. Nos dejaron que les hici\u00e9ramos un mont\u00f3n de preguntas y nos ense\u00f1aron c\u00f3mo son capaces de descubrir las huellas digitales que no podemos ver con unos polvos muy especiales.<\/p>\n<p><img loading=\"lazy\" decoding=\"async\" class=\"size-medium wp-image-241 alignleft\" src=\"http:\/\/edublog.educastur.es\/losde3empezamos\/files\/2024\/06\/IMG-20240531-WA0019-1-300x208.jpg\" alt=\"\" width=\"300\" height=\"208\" srcset=\"https:\/\/edublog.educastur.es\/losde3empezamos\/files\/2024\/06\/IMG-20240531-WA0019-1-300x208.jpg 300w, https:\/\/edublog.educastur.es\/losde3empezamos\/files\/2024\/06\/IMG-20240531-WA0019-1-768x531.jpg 768w, https:\/\/edublog.educastur.es\/losde3empezamos\/files\/2024\/06\/IMG-20240531-WA0019-1.jpg 896w\" sizes=\"auto, (max-width: 300px) 100vw, 300px\" \/>Pero no acab\u00f3 aqu\u00ed la semana. El viernes disfrutamos de una <em><strong><span style=\"color: #008000\">Jornada Intercentros<\/span><\/strong><\/em>. Mientras llegaban nuestros amigos de Bimenes y de Carbay\u00edn, nos echamos crema para el sol porque el d\u00eda promet\u00eda. Disfrutamos de muchos juegos, merendamos en el patio y acabamos bailando la danza prima todos juntos. \u00a1Casi no cog\u00edamos!<\/p>\n<p style=\"text-align: center\">\u00a1Qu\u00e9 suerte tenemos de poder disfrutar y compartir juegos con nuevos amigos!<\/p>\n<p style=\"text-align: center\"><span style=\"color: #008000\"><em><strong>\u00a1Feliz \u00abfinde\u00bb familias!<\/strong><\/em><\/span><\/p>\n<p>P.D.: Acordaos de firmar la autorizaci\u00f3n para la salida al entorno del martes. Aprovecharemos el d\u00eda de Psicomotricidad para caminar un poco por los alrededores del cole.<\/p>\n","protected":false},"excerpt":{"rendered":"<p>Hemos cerrado la \u00faltima semana de mayo&#8230; \u00a1por todo lo alto! Empezamos muy \u00abtranquilitos\u00bb, hablando del r\u00edo, con la asamblea,&#8230; Pero, como ya podemos jugar en el \u00abprao\u00bb, empezamos a salir m\u00e1s a jugar. El jueves, gracias al Plan Director, la Polic\u00eda de Siero nos hizo una visita. Nos dejaron que les hici\u00e9ramos un mont\u00f3n&hellip; <a href=\"https:\/\/edublog.educastur.es\/losde3empezamos\/2024\/06\/02\/policia-intercentros-y-mas\/\" class=\"more-link\">Seguir leyendo <span class=\"screen-reader-text\">Polic\u00eda, Intercentros y&#8230; m\u00e1s<\/span><\/a><\/p>\n","protected":false},"author":562,"featured_media":0,"comment_status":"open","ping_status":"open","sticky":false,"template":"","format":"standard","meta":{"footnotes":""},"categories":[7],"tags":[],"class_list":["post-239","post","type-post","status-publish","format-standard","hentry","category-dias-especiales","without-featured-image"],"_links":{"self":[{"href":"https:\/\/edublog.educastur.es\/losde3empezamos\/wp-json\/wp\/v2\/posts\/239","targetHints":{"allow":["GET"]}}],"collection":[{"href":"https:\/\/edublog.educastur.es\/losde3empezamos\/wp-json\/wp\/v2\/posts"}],"about":[{"href":"https:\/\/edublog.educastur.es\/losde3empezamos\/wp-json\/wp\/v2\/types\/post"}],"author":[{"embeddable":true,"href":"https:\/\/edublog.educastur.es\/losde3empezamos\/wp-json\/wp\/v2\/users\/562"}],"replies":[{"embeddable":true,"href":"https:\/\/edublog.educastur.es\/losde3empezamos\/wp-json\/wp\/v2\/comments?post=239"}],"version-history":[{"count":1,"href":"https:\/\/edublog.educastur.es\/losde3empezamos\/wp-json\/wp\/v2\/posts\/239\/revisions"}],"predecessor-version":[{"id":242,"href":"https:\/\/edublog.educastur.es\/losde3empezamos\/wp-json\/wp\/v2\/posts\/239\/revisions\/242"}],"wp:attachment":[{"href":"https:\/\/edublog.educastur.es\/losde3empezamos\/wp-json\/wp\/v2\/media?parent=239"}],"wp:term":[{"taxonomy":"category","embeddable":true,"href":"https:\/\/edublog.educastur.es\/losde3empezamos\/wp-json\/wp\/v2\/categories?post=239"},{"taxonomy":"post_tag","embeddable":true,"href":"https:\/\/edublog.educastur.es\/losde3empezamos\/wp-json\/wp\/v2\/tags?post=239"}],"curies":[{"name":"wp","href":"https:\/\/api.w.org\/{rel}","templated":true}]}}