{"id":47,"date":"2023-09-29T20:25:57","date_gmt":"2023-09-29T20:25:57","guid":{"rendered":"https:\/\/edublog.educastur.es\/losde3empezamos\/?p=47"},"modified":"2023-09-30T06:37:38","modified_gmt":"2023-09-30T06:37:38","slug":"piramide-de-los-ods","status":"publish","type":"post","link":"https:\/\/edublog.educastur.es\/losde3empezamos\/2023\/09\/29\/piramide-de-los-ods\/","title":{"rendered":"PIR\u00c1MIDE DE LOS ODS"},"content":{"rendered":"<p style=\"text-align: justify\">Hoy terminamos nuestra \u00faltima semana de septiembre con una actividad conjunta con todo el cole&#8230; construimos la pir\u00e1mide de los ODS (Objetivos de Desarrollo Sostenible), que son, como nos explic\u00f3 In\u00e9s, unos objetivos que tenemos que conseguir entre todos porque son muy importantes para que podamos vivir en un mundo mejor y m\u00e1s sostenible. A lo largo del curso haremos diferentes actividades que nos permitir\u00e1n ir completando nuestro \u00abPasaporte hacia la Sostenibilidad\u00bb.<\/p>\n<p><img loading=\"lazy\" decoding=\"async\" class=\"size-medium wp-image-48 aligncenter\" src=\"http:\/\/edublog.educastur.es\/losde3empezamos\/files\/2023\/09\/IMG_9299-300x225.jpg\" alt=\"\" width=\"300\" height=\"225\" srcset=\"https:\/\/edublog.educastur.es\/losde3empezamos\/files\/2023\/09\/IMG_9299-300x225.jpg 300w, https:\/\/edublog.educastur.es\/losde3empezamos\/files\/2023\/09\/IMG_9299-1024x768.jpg 1024w, https:\/\/edublog.educastur.es\/losde3empezamos\/files\/2023\/09\/IMG_9299-768x576.jpg 768w, https:\/\/edublog.educastur.es\/losde3empezamos\/files\/2023\/09\/IMG_9299-1536x1152.jpg 1536w, https:\/\/edublog.educastur.es\/losde3empezamos\/files\/2023\/09\/IMG_9299.jpg 1800w\" sizes=\"auto, (max-width: 300px) 100vw, 300px\" \/><\/p>\n<p style=\"text-align: justify\">Esta semana ya conocimos a Gemma, la profe de \u00abReli\u00bb y, algunos de nosotros, fuimos con ella a conocer otra clase.<\/p>\n<p style=\"text-align: justify\">Pues nada, os deseamos un muy buen fin de semana y recordad que la semana que viene&#8230; \u00a1ya nos quedamos en el cole hasta las 2!<\/p>\n<p style=\"text-align: center\"><em><strong><span style=\"color: #008000\">\u00a1Buen finde!<\/span><\/strong><\/em><\/p>\n","protected":false},"excerpt":{"rendered":"<p>Hoy terminamos nuestra \u00faltima semana de septiembre con una actividad conjunta con todo el cole&#8230; construimos la pir\u00e1mide de los ODS (Objetivos de Desarrollo Sostenible), que son, como nos explic\u00f3 In\u00e9s, unos objetivos que tenemos que conseguir entre todos porque son muy importantes para que podamos vivir en un mundo mejor y m\u00e1s sostenible. A&hellip; <a href=\"https:\/\/edublog.educastur.es\/losde3empezamos\/2023\/09\/29\/piramide-de-los-ods\/\" class=\"more-link\">Seguir leyendo <span class=\"screen-reader-text\">PIR\u00c1MIDE DE LOS ODS<\/span><\/a><\/p>\n","protected":false},"author":562,"featured_media":0,"comment_status":"open","ping_status":"open","sticky":false,"template":"","format":"standard","meta":{"footnotes":""},"categories":[1],"tags":[5],"class_list":["post-47","post","type-post","status-publish","format-standard","hentry","category-sin-categoria","tag-ods","without-featured-image"],"_links":{"self":[{"href":"https:\/\/edublog.educastur.es\/losde3empezamos\/wp-json\/wp\/v2\/posts\/47","targetHints":{"allow":["GET"]}}],"collection":[{"href":"https:\/\/edublog.educastur.es\/losde3empezamos\/wp-json\/wp\/v2\/posts"}],"about":[{"href":"https:\/\/edublog.educastur.es\/losde3empezamos\/wp-json\/wp\/v2\/types\/post"}],"author":[{"embeddable":true,"href":"https:\/\/edublog.educastur.es\/losde3empezamos\/wp-json\/wp\/v2\/users\/562"}],"replies":[{"embeddable":true,"href":"https:\/\/edublog.educastur.es\/losde3empezamos\/wp-json\/wp\/v2\/comments?post=47"}],"version-history":[{"count":1,"href":"https:\/\/edublog.educastur.es\/losde3empezamos\/wp-json\/wp\/v2\/posts\/47\/revisions"}],"predecessor-version":[{"id":49,"href":"https:\/\/edublog.educastur.es\/losde3empezamos\/wp-json\/wp\/v2\/posts\/47\/revisions\/49"}],"wp:attachment":[{"href":"https:\/\/edublog.educastur.es\/losde3empezamos\/wp-json\/wp\/v2\/media?parent=47"}],"wp:term":[{"taxonomy":"category","embeddable":true,"href":"https:\/\/edublog.educastur.es\/losde3empezamos\/wp-json\/wp\/v2\/categories?post=47"},{"taxonomy":"post_tag","embeddable":true,"href":"https:\/\/edublog.educastur.es\/losde3empezamos\/wp-json\/wp\/v2\/tags?post=47"}],"curies":[{"name":"wp","href":"https:\/\/api.w.org\/{rel}","templated":true}]}}