{"id":87,"date":"2023-10-20T17:19:59","date_gmt":"2023-10-20T17:19:59","guid":{"rendered":"https:\/\/edublog.educastur.es\/losde3empezamos\/?p=87"},"modified":"2023-10-20T17:19:59","modified_gmt":"2023-10-20T17:19:59","slug":"preparando-ya-halloween","status":"publish","type":"post","link":"https:\/\/edublog.educastur.es\/losde3empezamos\/2023\/10\/20\/preparando-ya-halloween\/","title":{"rendered":"Preparando ya Halloween"},"content":{"rendered":"<p style=\"text-align: justify\">Halloween est\u00e1 cerca ya, as\u00ed que esta semana empezamos a decorar unos platos que ser\u00e1n&#8230; <span style=\"font-family: impact, sans-serif\"><em><strong><span style=\"color: #ff0000\">\u00a1MONSTRUOSOS!<\/span><\/strong><\/em><\/span>. Ya los ver\u00e9is cuando est\u00e9n terminados. Seguimos trabajando en la historia del pollo Pepe que esta semana nos record\u00f3 la necesidad de desayunar sano y de cepillarnos los dientes despu\u00e9s.<\/p>\n<p style=\"text-align: justify\">Con la canci\u00f3n del oto\u00f1o (que ten\u00e9is en el lateral dentro de \u00abCanciones\u00bb) seguimos aprendiendo a \u00abhablar con las manos\u00bb y es que el oto\u00f1o&#8230; \u00a1est\u00e1 un poco loco!, ya lo pudimos comprobar esta semana en la que lleg\u00f3 la lluvia y, con ella, dejamos el arenero un poco abandonado.<\/p>\n<p><img loading=\"lazy\" decoding=\"async\" class=\"alignnone size-medium wp-image-88 aligncenter\" src=\"http:\/\/edublog.educastur.es\/losde3empezamos\/files\/2023\/10\/IMG-20231019-WA0001-300x225.jpg\" alt=\"\" width=\"300\" height=\"225\" srcset=\"https:\/\/edublog.educastur.es\/losde3empezamos\/files\/2023\/10\/IMG-20231019-WA0001-300x225.jpg 300w, https:\/\/edublog.educastur.es\/losde3empezamos\/files\/2023\/10\/IMG-20231019-WA0001-1024x768.jpg 1024w, https:\/\/edublog.educastur.es\/losde3empezamos\/files\/2023\/10\/IMG-20231019-WA0001-768x576.jpg 768w, https:\/\/edublog.educastur.es\/losde3empezamos\/files\/2023\/10\/IMG-20231019-WA0001-1536x1152.jpg 1536w, https:\/\/edublog.educastur.es\/losde3empezamos\/files\/2023\/10\/IMG-20231019-WA0001.jpg 1600w\" sizes=\"auto, (max-width: 300px) 100vw, 300px\" \/><\/p>\n<p style=\"text-align: justify\">Lo echaremos de menos, porque no podremos usarlo hasta que arreglen nuestro patio.<\/p>\n<p style=\"text-align: justify\">Y por \u00faltimo, contaros que estamos trabajando en la asamblea con los n\u00fameros 1, 2 y 3. Contamos y recontamos, juntamos montones iguales en cantidad (pod\u00e9is verlo en la galer\u00eda de fotos), contamos tapones, ni\u00f1os, rotuladores&#8230; \u00a1todo lo que tenemos a nuestro alcance! y es que no paramos ni un minuto. Desde casa tambi\u00e9n pod\u00e9is jugar con nosotros para que cada vez nos sea m\u00e1s f\u00e1cil.<\/p>\n<p>Y, por hoy, os dejamos. Esperamos que pas\u00e9is un estupendo fin de semana, aunque sea bajo la lluvia.<\/p>\n<p style=\"text-align: center\"><em><strong><span style=\"color: #008000\">\u00a1Feliz finde!<\/span><\/strong><\/em><\/p>\n<p>&nbsp;<\/p>\n","protected":false},"excerpt":{"rendered":"<p>Halloween est\u00e1 cerca ya, as\u00ed que esta semana empezamos a decorar unos platos que ser\u00e1n&#8230; \u00a1MONSTRUOSOS!. Ya los ver\u00e9is cuando est\u00e9n terminados. Seguimos trabajando en la historia del pollo Pepe que esta semana nos record\u00f3 la necesidad de desayunar sano y de cepillarnos los dientes despu\u00e9s. Con la canci\u00f3n del oto\u00f1o (que ten\u00e9is en el&hellip; <a href=\"https:\/\/edublog.educastur.es\/losde3empezamos\/2023\/10\/20\/preparando-ya-halloween\/\" class=\"more-link\">Seguir leyendo <span class=\"screen-reader-text\">Preparando ya Halloween<\/span><\/a><\/p>\n","protected":false},"author":562,"featured_media":0,"comment_status":"open","ping_status":"open","sticky":false,"template":"","format":"standard","meta":{"footnotes":""},"categories":[4],"tags":[3,6],"class_list":["post-87","post","type-post","status-publish","format-standard","hentry","category-proyectos","tag-el-pollo-pepe","tag-halloween","without-featured-image"],"_links":{"self":[{"href":"https:\/\/edublog.educastur.es\/losde3empezamos\/wp-json\/wp\/v2\/posts\/87","targetHints":{"allow":["GET"]}}],"collection":[{"href":"https:\/\/edublog.educastur.es\/losde3empezamos\/wp-json\/wp\/v2\/posts"}],"about":[{"href":"https:\/\/edublog.educastur.es\/losde3empezamos\/wp-json\/wp\/v2\/types\/post"}],"author":[{"embeddable":true,"href":"https:\/\/edublog.educastur.es\/losde3empezamos\/wp-json\/wp\/v2\/users\/562"}],"replies":[{"embeddable":true,"href":"https:\/\/edublog.educastur.es\/losde3empezamos\/wp-json\/wp\/v2\/comments?post=87"}],"version-history":[{"count":1,"href":"https:\/\/edublog.educastur.es\/losde3empezamos\/wp-json\/wp\/v2\/posts\/87\/revisions"}],"predecessor-version":[{"id":89,"href":"https:\/\/edublog.educastur.es\/losde3empezamos\/wp-json\/wp\/v2\/posts\/87\/revisions\/89"}],"wp:attachment":[{"href":"https:\/\/edublog.educastur.es\/losde3empezamos\/wp-json\/wp\/v2\/media?parent=87"}],"wp:term":[{"taxonomy":"category","embeddable":true,"href":"https:\/\/edublog.educastur.es\/losde3empezamos\/wp-json\/wp\/v2\/categories?post=87"},{"taxonomy":"post_tag","embeddable":true,"href":"https:\/\/edublog.educastur.es\/losde3empezamos\/wp-json\/wp\/v2\/tags?post=87"}],"curies":[{"name":"wp","href":"https:\/\/api.w.org\/{rel}","templated":true}]}}