{"id":91,"date":"2023-10-29T09:51:49","date_gmt":"2023-10-29T09:51:49","guid":{"rendered":"https:\/\/edublog.educastur.es\/losde3empezamos\/?p=91"},"modified":"2023-10-29T09:51:49","modified_gmt":"2023-10-29T09:51:49","slug":"maguestu-2023","status":"publish","type":"post","link":"https:\/\/edublog.educastur.es\/losde3empezamos\/2023\/10\/29\/maguestu-2023\/","title":{"rendered":"\u00abMag\u00fcestu\u00bb 2023"},"content":{"rendered":"<p style=\"text-align: center\"><img loading=\"lazy\" decoding=\"async\" class=\"alignnone size-medium wp-image-92\" src=\"http:\/\/edublog.educastur.es\/losde3empezamos\/files\/2023\/10\/IMG_9604-300x225.jpg\" alt=\"\" width=\"300\" height=\"225\" srcset=\"https:\/\/edublog.educastur.es\/losde3empezamos\/files\/2023\/10\/IMG_9604-300x225.jpg 300w, https:\/\/edublog.educastur.es\/losde3empezamos\/files\/2023\/10\/IMG_9604-1024x768.jpg 1024w, https:\/\/edublog.educastur.es\/losde3empezamos\/files\/2023\/10\/IMG_9604-768x576.jpg 768w, https:\/\/edublog.educastur.es\/losde3empezamos\/files\/2023\/10\/IMG_9604-1536x1152.jpg 1536w, https:\/\/edublog.educastur.es\/losde3empezamos\/files\/2023\/10\/IMG_9604.jpg 2000w\" sizes=\"auto, (max-width: 300px) 100vw, 300px\" \/><\/p>\n<p style=\"text-align: justify\">El viernes 27 lleg\u00f3 el <span style=\"font-family: verdana, geneva, sans-serif;font-size: 14pt\"><strong><span style=\"color: #993300\">\u00abMag\u00fcestu\u00bb<\/span><\/strong><\/span> al Xentiquina. Fue un d\u00eda muy especial en el que disfrutamos juntos de esta celebraci\u00f3n con casta\u00f1as, zumo de manzana y&#8230; \u00a1hasta gaiteros!<\/p>\n<p>Lo pasamos genial, y es que cuando juntamos familia y escuela&#8230; tenemos el \u00e9xito garantizado.<\/p>\n<p style=\"text-align: center\"><em><strong><span style=\"color: #008000\">\u00a1Gracias por compartir con nosotros este d\u00eda tan especial!<\/span><\/strong><\/em><\/p>\n<p>En la galer\u00eda podr\u00e9is encontrar un v\u00eddeo con los mejores momentos del \u00abmags\u00fcestu\u00bb.<\/p>\n","protected":false},"excerpt":{"rendered":"<p>El viernes 27 lleg\u00f3 el \u00abMag\u00fcestu\u00bb al Xentiquina. Fue un d\u00eda muy especial en el que disfrutamos juntos de esta celebraci\u00f3n con casta\u00f1as, zumo de manzana y&#8230; \u00a1hasta gaiteros! Lo pasamos genial, y es que cuando juntamos familia y escuela&#8230; tenemos el \u00e9xito garantizado. \u00a1Gracias por compartir con nosotros este d\u00eda tan especial! En la&hellip; <a href=\"https:\/\/edublog.educastur.es\/losde3empezamos\/2023\/10\/29\/maguestu-2023\/\" class=\"more-link\">Seguir leyendo <span class=\"screen-reader-text\">\u00abMag\u00fcestu\u00bb 2023<\/span><\/a><\/p>\n","protected":false},"author":562,"featured_media":0,"comment_status":"open","ping_status":"open","sticky":false,"template":"","format":"standard","meta":{"footnotes":""},"categories":[7],"tags":[8],"class_list":["post-91","post","type-post","status-publish","format-standard","hentry","category-dias-especiales","tag-maguestu","without-featured-image"],"_links":{"self":[{"href":"https:\/\/edublog.educastur.es\/losde3empezamos\/wp-json\/wp\/v2\/posts\/91","targetHints":{"allow":["GET"]}}],"collection":[{"href":"https:\/\/edublog.educastur.es\/losde3empezamos\/wp-json\/wp\/v2\/posts"}],"about":[{"href":"https:\/\/edublog.educastur.es\/losde3empezamos\/wp-json\/wp\/v2\/types\/post"}],"author":[{"embeddable":true,"href":"https:\/\/edublog.educastur.es\/losde3empezamos\/wp-json\/wp\/v2\/users\/562"}],"replies":[{"embeddable":true,"href":"https:\/\/edublog.educastur.es\/losde3empezamos\/wp-json\/wp\/v2\/comments?post=91"}],"version-history":[{"count":1,"href":"https:\/\/edublog.educastur.es\/losde3empezamos\/wp-json\/wp\/v2\/posts\/91\/revisions"}],"predecessor-version":[{"id":93,"href":"https:\/\/edublog.educastur.es\/losde3empezamos\/wp-json\/wp\/v2\/posts\/91\/revisions\/93"}],"wp:attachment":[{"href":"https:\/\/edublog.educastur.es\/losde3empezamos\/wp-json\/wp\/v2\/media?parent=91"}],"wp:term":[{"taxonomy":"category","embeddable":true,"href":"https:\/\/edublog.educastur.es\/losde3empezamos\/wp-json\/wp\/v2\/categories?post=91"},{"taxonomy":"post_tag","embeddable":true,"href":"https:\/\/edublog.educastur.es\/losde3empezamos\/wp-json\/wp\/v2\/tags?post=91"}],"curies":[{"name":"wp","href":"https:\/\/api.w.org\/{rel}","templated":true}]}}