{"id":394,"date":"2022-04-18T16:25:42","date_gmt":"2022-04-18T14:25:42","guid":{"rendered":"https:\/\/edublog.educastur.es\/maximili\/?p=394"},"modified":"2022-04-18T16:30:01","modified_gmt":"2022-04-18T14:30:01","slug":"394","status":"publish","type":"post","link":"https:\/\/edublog.educastur.es\/maximili\/2022\/04\/18\/394\/","title":{"rendered":""},"content":{"rendered":"<p><a href=\"https:\/\/photos.app.goo.gl\/UAQNqsTkdjzNWwrK6\"><img loading=\"lazy\" decoding=\"async\" class=\"alignleft\" src=\"https:\/\/lh3.googleusercontent.com\/IaVprI6PQUM_z47qdakjIocFDcrN8_2vzrd5rDjHRHpd5MOjo59RMpn1gzKZ30Cuu0SWCRTzFW2GrAZgRisHfeJlGKR_-L2Lx6T3CtRzfLd90yneDSYPGI939sVQv0ZsTA3VbsWaZFC1WkPXN1tdQ-MXiMbLCXThw18SIVAjsZnVlDZaG2A6BI8qtH7WXlcwaZDobfQg-p4elemGNcMLkEdq6sNARVMEtnjZMrbTA4YqL0my4QD3vSLa0XlWchyot_LvAyLE9_hYTx9pnWskOUu8GQ6H0GfoYjkSLLFYiOORxHQ3VOj2goGFfbDrGDokYyk9xfLc3fnBQTvjCCl0f_7aM1DxKAxtteyvTrEjwRWmjM8r3zewmZXfvfLMJoXE_Xpii3aMR2VOPcBydkNQvffOag5TKBlCijjBZmU5F8gZLoxlloPZudBJoI5uLJRtlZ_LMmDdCA7ZoM8emnxqGvkNK9ZoS2CTnpEUAUAMnCDH6LcH3iRPaKNUbmwDHuwVpn2pEYo_w-cfM7k36PUhGf6SSizAveLEabEXJyfK98OLLEhI7ZPyhuDzbPfqtrt8R1brRsIbyd7QlpDsbXoR9Exn9_TQP4tgs8E1JPlks3bhTLOaMXGn8vq5Kj-GySiInj6LAjtzmHaXbPR_ZxgWh3jDOvfcWlJWpy3i_2S33NA9-Jh9iLA4rKbSCisa9Fx2WseXu4nRSFi6LPthw3i2xq91PhRpqZQuceJKYa7CVnQKTagJ-LhLbcKUoHM=w834-h625-no?authuser=0\" width=\"175\" height=\"131\" \/><\/a><\/p>\n<p>Los ni\u00f1os y ni\u00f1as de 1\u00ba y 2\u00ba nos fuimos a <em>\u00abLa Casa del Agua\u00bb<\/em> en Rioseco. \u00a1\u00a1No est\u00e1 mal volver al cole y empezar el trimestre con una excursi\u00f3n \ud83d\ude1b !!<\/p>\n<p>En esta salida hemos repasado los contenidos del tema del agua que estudiamos en el segundo trimestre, una visita muy entretenida que nos gust\u00f3 much\u00edsimo. Mercedes nos gui\u00f3 por el museo y nos ense\u00f1\u00f3 un mont\u00f3n de cosas nuevas que no sab\u00edamos. Os recomendamos visitar<em> La Casa del Agua<\/em>, \u00a1\u00a1os va a encantar!!<\/p>\n<p>&nbsp;<\/p>\n<p>PINCHA EN LA FOTO PARA VER M\u00c1S<\/p>\n<p>&nbsp;<\/p>\n\n<!-- iframe plugin v.6.0 wordpress.org\/plugins\/iframe\/ -->\n<iframe loading=\"lazy\" width=\"560\" height=\"315\" src=\"https:\/\/www.youtube.com\/embed\/44Bl3905z9U\" scrolling=\"yes\" class=\"iframe-class\" frameborder=\"0\"><\/iframe>\n\n<p>&nbsp;<\/p>\n","protected":false},"excerpt":{"rendered":"<p>Los ni\u00f1os y ni\u00f1as de 1\u00ba y 2\u00ba nos fuimos a \u00abLa Casa del Agua\u00bb en Rioseco. \u00a1\u00a1No est\u00e1 mal volver al cole y empezar el trimestre con una excursi\u00f3n \ud83d\ude1b !! En esta salida hemos repasado los contenidos del tema del agua que estudiamos en el segundo trimestre, una visita muy entretenida que nos [&hellip;]<\/p>\n","protected":false},"author":315,"featured_media":0,"comment_status":"open","ping_status":"open","sticky":false,"template":"","format":"standard","meta":{"footnotes":""},"categories":[37,9,50,44],"tags":[39,10,51,45],"class_list":["post-394","post","type-post","status-publish","format-standard","hentry","category-agua","category-alumnos","category-salidas","category-talleres","tag-agua","tag-alumnos","tag-salidas","tag-talleres","post-preview"],"_links":{"self":[{"href":"https:\/\/edublog.educastur.es\/maximili\/wp-json\/wp\/v2\/posts\/394","targetHints":{"allow":["GET"]}}],"collection":[{"href":"https:\/\/edublog.educastur.es\/maximili\/wp-json\/wp\/v2\/posts"}],"about":[{"href":"https:\/\/edublog.educastur.es\/maximili\/wp-json\/wp\/v2\/types\/post"}],"author":[{"embeddable":true,"href":"https:\/\/edublog.educastur.es\/maximili\/wp-json\/wp\/v2\/users\/315"}],"replies":[{"embeddable":true,"href":"https:\/\/edublog.educastur.es\/maximili\/wp-json\/wp\/v2\/comments?post=394"}],"version-history":[{"count":2,"href":"https:\/\/edublog.educastur.es\/maximili\/wp-json\/wp\/v2\/posts\/394\/revisions"}],"predecessor-version":[{"id":396,"href":"https:\/\/edublog.educastur.es\/maximili\/wp-json\/wp\/v2\/posts\/394\/revisions\/396"}],"wp:attachment":[{"href":"https:\/\/edublog.educastur.es\/maximili\/wp-json\/wp\/v2\/media?parent=394"}],"wp:term":[{"taxonomy":"category","embeddable":true,"href":"https:\/\/edublog.educastur.es\/maximili\/wp-json\/wp\/v2\/categories?post=394"},{"taxonomy":"post_tag","embeddable":true,"href":"https:\/\/edublog.educastur.es\/maximili\/wp-json\/wp\/v2\/tags?post=394"}],"curies":[{"name":"wp","href":"https:\/\/api.w.org\/{rel}","templated":true}]}}