{"id":444,"date":"2022-07-12T14:11:44","date_gmt":"2022-07-12T12:11:44","guid":{"rendered":"https:\/\/edublog.educastur.es\/maximili\/?p=444"},"modified":"2022-07-12T14:28:09","modified_gmt":"2022-07-12T12:28:09","slug":"sello-de-vida-saludable","status":"publish","type":"post","link":"https:\/\/edublog.educastur.es\/maximili\/2022\/07\/12\/sello-de-vida-saludable\/","title":{"rendered":"SELLO DE VIDA SALUDABLE"},"content":{"rendered":"<p>Hoy hemos recibido una gran noticia, se nos ha concedido el Sello de Vida Saludable, como centro que promueve h\u00e1bitos de vida saludable.<\/p>\n<p><a href=\"http:\/\/edublog.educastur.es\/maximili\/files\/2022\/07\/sello.jpg\"><img loading=\"lazy\" decoding=\"async\" class=\"alignnone wp-image-445\" src=\"http:\/\/edublog.educastur.es\/maximili\/files\/2022\/07\/sello.jpg\" alt=\"\" width=\"552\" height=\"523\" srcset=\"https:\/\/edublog.educastur.es\/maximili\/files\/2022\/07\/sello.jpg 874w, https:\/\/edublog.educastur.es\/maximili\/files\/2022\/07\/sello-300x284.jpg 300w, https:\/\/edublog.educastur.es\/maximili\/files\/2022\/07\/sello-768x727.jpg 768w, https:\/\/edublog.educastur.es\/maximili\/files\/2022\/07\/sello-676x640.jpg 676w\" sizes=\"auto, (max-width: 552px) 100vw, 552px\" \/><\/a><\/p>\n<p>Una\u00a0 distinci\u00f3n que no hace m\u00e1s que queramos seguir trabajando para que todo el alumnado conozca y ponga en pr\u00e1ctica h\u00e1bitos que les lleven a una vida mejor, m\u00e1s sana y que eviten accidentes, lesiones, y \/ o enfermedades.<\/p>\n<p>Gracias por vuestro esfuerzo y recordad:<\/p>\n<h1><span style=\"font-family: 'comic sans ms', sans-serif\"><em>EL COLE DE BARREDOS &#8230; MOLA\u00a0 \ud83d\ude06\u00a0<\/em><\/span><\/h1>\n<p>&nbsp;<\/p>\n<p>Si quieres ver la memoria que presentamos para la obtenci\u00f3n del sello pincha en este enlace:<\/p>\n<p><a href=\"https:\/\/alojaweb.educastur.es\/documents\/2020264\/2032524\/Sello+de+vida+saludable\/312b848b-0518-41c1-babe-c276589a1ebd\">MEMORIA T\u00c9CNICA<\/a><\/p>\n","protected":false},"excerpt":{"rendered":"<p>Hoy hemos recibido una gran noticia, se nos ha concedido el Sello de Vida Saludable, como centro que promueve h\u00e1bitos de vida saludable. Una\u00a0 distinci\u00f3n que no hace m\u00e1s que queramos seguir trabajando para que todo el alumnado conozca y ponga en pr\u00e1ctica h\u00e1bitos que les lleven a una vida mejor, m\u00e1s sana y que [&hellip;]<\/p>\n","protected":false},"author":315,"featured_media":0,"comment_status":"open","ping_status":"open","sticky":false,"template":"","format":"standard","meta":{"footnotes":""},"categories":[66],"tags":[67],"class_list":["post-444","post","type-post","status-publish","format-standard","hentry","category-sello-de-vida-saludable","tag-sello-de-vida-saludable","post-preview"],"_links":{"self":[{"href":"https:\/\/edublog.educastur.es\/maximili\/wp-json\/wp\/v2\/posts\/444","targetHints":{"allow":["GET"]}}],"collection":[{"href":"https:\/\/edublog.educastur.es\/maximili\/wp-json\/wp\/v2\/posts"}],"about":[{"href":"https:\/\/edublog.educastur.es\/maximili\/wp-json\/wp\/v2\/types\/post"}],"author":[{"embeddable":true,"href":"https:\/\/edublog.educastur.es\/maximili\/wp-json\/wp\/v2\/users\/315"}],"replies":[{"embeddable":true,"href":"https:\/\/edublog.educastur.es\/maximili\/wp-json\/wp\/v2\/comments?post=444"}],"version-history":[{"count":2,"href":"https:\/\/edublog.educastur.es\/maximili\/wp-json\/wp\/v2\/posts\/444\/revisions"}],"predecessor-version":[{"id":447,"href":"https:\/\/edublog.educastur.es\/maximili\/wp-json\/wp\/v2\/posts\/444\/revisions\/447"}],"wp:attachment":[{"href":"https:\/\/edublog.educastur.es\/maximili\/wp-json\/wp\/v2\/media?parent=444"}],"wp:term":[{"taxonomy":"category","embeddable":true,"href":"https:\/\/edublog.educastur.es\/maximili\/wp-json\/wp\/v2\/categories?post=444"},{"taxonomy":"post_tag","embeddable":true,"href":"https:\/\/edublog.educastur.es\/maximili\/wp-json\/wp\/v2\/tags?post=444"}],"curies":[{"name":"wp","href":"https:\/\/api.w.org\/{rel}","templated":true}]}}