{"id":464,"date":"2022-11-10T17:05:43","date_gmt":"2022-11-10T15:05:43","guid":{"rendered":"https:\/\/edublog.educastur.es\/maximili\/?p=464"},"modified":"2022-11-10T17:09:37","modified_gmt":"2022-11-10T15:09:37","slug":"cross-de-los-nabos-2","status":"publish","type":"post","link":"https:\/\/edublog.educastur.es\/maximili\/2022\/11\/10\/cross-de-los-nabos-2\/","title":{"rendered":"Cross de Los Nabos"},"content":{"rendered":"<div class=\"fauxcolumn-outer fauxcolumn-left-outer\">\n<div class=\"fauxborder-left\">\n<div class=\"fauxcolumn-inner\"><\/div>\n<\/div>\n<\/div>\n<div class=\"columns-inner\">\n<div class=\"column-center-outer\">\n<div class=\"column-center-inner\">\n<div id=\"main\" class=\"main section\">\n<div id=\"Blog1\" class=\"widget Blog\" data-version=\"1\">\n<div class=\"blog-posts hfeed\">\n<div class=\"date-outer\">\n<div class=\"date-posts\">\n<div class=\"post-outer\">\n<div class=\"post hentry uncustomized-post-template\">\n<div id=\"post-body-6985742878854540502\" class=\"post-body entry-content\">\n<div class=\"separator\"><a href=\"https:\/\/blogger.googleusercontent.com\/img\/b\/R29vZ2xl\/AVvXsEgdD9Cslixl0062E6dFUvW6prAkcoms00xS3Lii-3woBzUttTpm0dfzrs1yO3bCccOmUgCtKCyPp67IFfXUufrMuhEiVAYPXBQd7NxeE7BOxlDDnya7_t0T3_xXcPifRi2pWCRW8cAdz7JUKB5OvdIZaFuFUt4ln7F_rpB_Hnbds3n_69j3sfHqH03c\/s4000\/20221110_100546.jpg\"><img loading=\"lazy\" decoding=\"async\" src=\"https:\/\/blogger.googleusercontent.com\/img\/b\/R29vZ2xl\/AVvXsEgdD9Cslixl0062E6dFUvW6prAkcoms00xS3Lii-3woBzUttTpm0dfzrs1yO3bCccOmUgCtKCyPp67IFfXUufrMuhEiVAYPXBQd7NxeE7BOxlDDnya7_t0T3_xXcPifRi2pWCRW8cAdz7JUKB5OvdIZaFuFUt4ln7F_rpB_Hnbds3n_69j3sfHqH03c\/w290-h163\/20221110_100546.jpg\" width=\"290\" height=\"163\" border=\"0\" data-original-height=\"2250\" data-original-width=\"4000\" \/><\/a><\/div>\n<div class=\"separator\"><\/div>\n<div class=\"separator\">Hoy hemos tenido un buen d\u00eda para correr el cross de Los Nabos, sol calor y terreno seco. \u00bfQu\u00e9 mas se puede pedir?.<\/div>\n<div class=\"separator\"><\/div>\n<div class=\"separator\">Hay que aplaudir a nuestra asociaci\u00f3n de madres y padres (AMPA), que nos han montado una carpa para cambiarnos y nos han llevado galletas, bollinos pre\u00f1aos y cacao caliente para recuperar fuerzas.<\/div>\n<div class=\"separator\"><\/div>\n<div class=\"separator\">Todos lo han hecho muy bien, a destacar la medalla de Joaqu\u00edn (2\u00ba) por su sexto puesto y la copa de Diego (6\u00ba), por su tercer puesto.<\/div>\n<div class=\"separator\"><\/div>\n<div class=\"separator\"><a href=\"https:\/\/photos.app.goo.gl\/fVDVJCzwDWd8c4T59\" target=\"_blank\" rel=\"noopener\">FOTOS<\/a><\/div>\n<\/div>\n<div><\/div>\n<div id=\"post-body-6985742878854540502\" class=\"post-body entry-content\">\n<div>Puedes ver m\u00e1s informaci\u00f3n en el blog de E.F:<\/div>\n<div><a href=\"https:\/\/colpumaef.blogspot.com\/2022\/11\/los-nabos-2022.html\">https:\/\/colpumaef.blogspot.com\/2022\/11\/los-nabos-2022.html<\/a><\/div>\n<\/div>\n<\/div>\n<\/div>\n<div>\n<p>&nbsp;<\/p>\n<p>Tambi\u00e9n en Maxi Mili, nuestro canal de Facebook e Instagram :<\/p>\n<p><a href=\"https:\/\/www.facebook.com\/ColegioDeBarredos\">https:\/\/www.facebook.com\/ColegioDeBarredos<\/a><\/p>\n<\/div>\n<p>&nbsp;<\/p>\n<p><a href=\"https:\/\/www.instagram.com\/p\/CkxnDv-KRG-\/\">https:\/\/www.instagram.com\/p\/CkxnDv-KRG-\/<\/a><\/p>\n<div class=\"post-outer\">\n<div class=\"post hentry uncustomized-post-template\">\n<div id=\"post-body-6985742878854540502\" class=\"post-body entry-content\">\n<div>\n<div class=\"fauxcolumn-outer fauxcolumn-left-outer\">\n<div class=\"fauxborder-left\">\n<div class=\"fauxborder-right\"><\/div>\n<div class=\"fauxcolumn-inner\"><\/div>\n<\/div>\n<div class=\"cap-bottom\">\n<div class=\"cap-left\"><\/div>\n<div class=\"cap-right\"><\/div>\n<\/div>\n<\/div>\n<\/div>\n<\/div>\n<\/div>\n<\/div>\n<\/div>\n<\/div>\n<\/div>\n<\/div>\n<\/div>\n<\/div>\n<\/div>\n<\/div>\n","protected":false},"excerpt":{"rendered":"<p>Hoy hemos tenido un buen d\u00eda para correr el cross de Los Nabos, sol calor y terreno seco. \u00bfQu\u00e9 mas se puede pedir?. Hay que aplaudir a nuestra asociaci\u00f3n de madres y padres (AMPA), que nos han montado una carpa para cambiarnos y nos han llevado galletas, bollinos pre\u00f1aos y cacao caliente para recuperar fuerzas. [&hellip;]<\/p>\n","protected":false},"author":315,"featured_media":0,"comment_status":"open","ping_status":"open","sticky":false,"template":"","format":"standard","meta":{"footnotes":""},"categories":[9,76,16,15,50],"tags":[10,77,18,17,51],"class_list":["post-464","post","type-post","status-publish","format-standard","hentry","category-alumnos","category-ampa","category-cross","category-deporte","category-salidas","tag-alumnos","tag-ampa","tag-cross","tag-deporte","tag-salidas","post-preview"],"_links":{"self":[{"href":"https:\/\/edublog.educastur.es\/maximili\/wp-json\/wp\/v2\/posts\/464","targetHints":{"allow":["GET"]}}],"collection":[{"href":"https:\/\/edublog.educastur.es\/maximili\/wp-json\/wp\/v2\/posts"}],"about":[{"href":"https:\/\/edublog.educastur.es\/maximili\/wp-json\/wp\/v2\/types\/post"}],"author":[{"embeddable":true,"href":"https:\/\/edublog.educastur.es\/maximili\/wp-json\/wp\/v2\/users\/315"}],"replies":[{"embeddable":true,"href":"https:\/\/edublog.educastur.es\/maximili\/wp-json\/wp\/v2\/comments?post=464"}],"version-history":[{"count":4,"href":"https:\/\/edublog.educastur.es\/maximili\/wp-json\/wp\/v2\/posts\/464\/revisions"}],"predecessor-version":[{"id":469,"href":"https:\/\/edublog.educastur.es\/maximili\/wp-json\/wp\/v2\/posts\/464\/revisions\/469"}],"wp:attachment":[{"href":"https:\/\/edublog.educastur.es\/maximili\/wp-json\/wp\/v2\/media?parent=464"}],"wp:term":[{"taxonomy":"category","embeddable":true,"href":"https:\/\/edublog.educastur.es\/maximili\/wp-json\/wp\/v2\/categories?post=464"},{"taxonomy":"post_tag","embeddable":true,"href":"https:\/\/edublog.educastur.es\/maximili\/wp-json\/wp\/v2\/tags?post=464"}],"curies":[{"name":"wp","href":"https:\/\/api.w.org\/{rel}","templated":true}]}}