{"id":549,"date":"2023-04-20T08:42:53","date_gmt":"2023-04-20T06:42:53","guid":{"rendered":"https:\/\/edublog.educastur.es\/maximili\/?p=549"},"modified":"2023-04-20T08:44:11","modified_gmt":"2023-04-20T06:44:11","slug":"escalando-en-coto-musel","status":"publish","type":"post","link":"https:\/\/edublog.educastur.es\/maximili\/2023\/04\/20\/escalando-en-coto-musel\/","title":{"rendered":"Escalando en Coto Musel"},"content":{"rendered":"<p><a href=\"https:\/\/photos.app.goo.gl\/my5pQcnaymwXAUXT8\"><img loading=\"lazy\" decoding=\"async\" class=\"alignleft\" src=\"https:\/\/lh3.googleusercontent.com\/pw\/AJFCJaWoWBqNpwAIEIVNGGxWOA_kvTo7R5TTw4MuGXNZ5utrc00oP5_3DsYJxSDeRTaLl_DnBx5LD_F8NuuTHGg3M-R0XprQuUs-_Tq0XewcOJ7-GsQsiHR3_u59Kz0Fk3qCKeNwZSIy8wJfNR1iRMgiYOssAEeB5ByW0EQKQUOJvNjl9U2fRigPWd_RRQr-G-4mLpqr6htstTruAqfIs1bWwXRc1ZVSxvZ1RY7lZaFZQCT-SjoWZGf3HAFnLISMmUaVJkClZsgPTpEmz1gtV2MDjuCu5nXTJVw9qL2NaAUjqY9NNrsJhgzwoimU3WwosT1ZAmVDygCwVfzlHK61XsIzCsqGHg4erbjmh6kLioE3JqhM6fqU6LLGQ4KBYtgSqLX20KGHV992E0DNuNSKpRBW17uT16NyZEglOjAf8FWn_cNw2Gr7whsPwtIgCdpFS2gqY9r9ZOZXBvEnZHD_hznx0584Kh4BGCLqJQTPTtswvWTkQz8B3PNwU8bSs6iojQRVVJM0ZWvVXe-XnpFgkmATVyk3Si2m58PEwUwTgBr-znPfag4CDBGaWzWgGf-IXszNOgYkER86ZllOjwxqOBTA90yFFiAR9HyXE22hrsVfBClcuRyYniqY1ZMmu8Zwai3QTmGj4_1pGs4C08kpX7pHqwUFxyhnJUEdEOYQE0jj8N06dsUzs2TCGcLqeRsZcoYeh73MD3NwZ4qOowPruU8ohS8bRwYCpPx7byVjI1byBoJHWWDJn2MzOxJ0W5MG8mSxusTtSd7KBNan3alnEEjxjQEY3g9hsm6ObneDSljynX1Z3ICBpMNYjecxdTNTPPZwBTmOqlQyHaxGmp8xCKcE7_y7DyOxiNfGjkR0AD2ndh7ysOXB5APr3p57TuPE3WC5sA2Dk6hEzLn6ZDJcJQrcPctVYg=w1154-h649-s-no?authuser=0\" width=\"242\" height=\"136\" \/><\/a><\/p>\n<p>Mi\u00e9rcoles 19 de Abril:<\/p>\n<p>Ya va siendo tradici\u00f3n subir un d\u00eda a las instalaciones de escalada de Coto Musel.<\/p>\n<p>Roberto, el monitor de la actividad subi\u00f3 con nosotros y nos ense\u00f1\u00f3 algunos trucos.<\/p>\n<p>Adem\u00e1s pudimos estrenar parte de las escaleras verticales que se est\u00e1n colocando en la cercan\u00eda, ya que la \u00faltima parte ya se puede subir.<\/p>\n<p>Despu\u00e9s del ejercicio toc\u00f3 renovar fuerzas comiendo el pincho en la campera adyacente, donde hay un par de bocaminas que se pueden visitar (desde fuera).<\/p>\n<p><a href=\"https:\/\/photos.app.goo.gl\/my5pQcnaymwXAUXT8\">FOTOS<\/a><\/p>\n<p>&nbsp;<\/p>\n<div class=\"post-outer\">\n<div class=\"post hentry uncustomized-post-template\">\n<div id=\"post-body-6985742878854540502\" class=\"post-body entry-content\">\n<div>Puedes ver m\u00e1s informaci\u00f3n en el blog de E.F:<\/div>\n<div><a href=\"https:\/\/colpumaef.blogspot.com\/2022\/11\/los-nabos-2022.html\">https:\/\/colpumaef.blogspot.com\/2022\/11\/los-nabos-2022.html<\/a><\/div>\n<\/div>\n<\/div>\n<\/div>\n<div>\n<p>&nbsp;<\/p>\n<p>Tambi\u00e9n en Maxi Mili, nuestro canal de Facebook e Instagram :<\/p>\n<p><a href=\"https:\/\/www.facebook.com\/ColegioDeBarredos\">https:\/\/www.facebook.com\/ColegioDeBarredos<\/a><\/p>\n<\/div>\n<p><a href=\"https:\/\/www.instagram.com\/p\/CkxnDv-KRG-\/\">https:\/\/www.instagram.com\/p\/CkxnDv-KRG-\/<\/a><\/p>\n","protected":false},"excerpt":{"rendered":"<p>Mi\u00e9rcoles 19 de Abril: Ya va siendo tradici\u00f3n subir un d\u00eda a las instalaciones de escalada de Coto Musel. Roberto, el monitor de la actividad subi\u00f3 con nosotros y nos ense\u00f1\u00f3 algunos trucos. Adem\u00e1s pudimos estrenar parte de las escaleras verticales que se est\u00e1n colocando en la cercan\u00eda, ya que la \u00faltima parte ya se [&hellip;]<\/p>\n","protected":false},"author":315,"featured_media":0,"comment_status":"closed","ping_status":"closed","sticky":false,"template":"","format":"standard","meta":{"footnotes":""},"categories":[9,116,115],"tags":[10,118,117],"class_list":["post-549","post","type-post","status-publish","format-standard","hentry","category-alumnos","category-coto-musel","category-escalada","tag-alumnos","tag-coto-musel","tag-escalada","post-preview"],"_links":{"self":[{"href":"https:\/\/edublog.educastur.es\/maximili\/wp-json\/wp\/v2\/posts\/549","targetHints":{"allow":["GET"]}}],"collection":[{"href":"https:\/\/edublog.educastur.es\/maximili\/wp-json\/wp\/v2\/posts"}],"about":[{"href":"https:\/\/edublog.educastur.es\/maximili\/wp-json\/wp\/v2\/types\/post"}],"author":[{"embeddable":true,"href":"https:\/\/edublog.educastur.es\/maximili\/wp-json\/wp\/v2\/users\/315"}],"replies":[{"embeddable":true,"href":"https:\/\/edublog.educastur.es\/maximili\/wp-json\/wp\/v2\/comments?post=549"}],"version-history":[{"count":2,"href":"https:\/\/edublog.educastur.es\/maximili\/wp-json\/wp\/v2\/posts\/549\/revisions"}],"predecessor-version":[{"id":551,"href":"https:\/\/edublog.educastur.es\/maximili\/wp-json\/wp\/v2\/posts\/549\/revisions\/551"}],"wp:attachment":[{"href":"https:\/\/edublog.educastur.es\/maximili\/wp-json\/wp\/v2\/media?parent=549"}],"wp:term":[{"taxonomy":"category","embeddable":true,"href":"https:\/\/edublog.educastur.es\/maximili\/wp-json\/wp\/v2\/categories?post=549"},{"taxonomy":"post_tag","embeddable":true,"href":"https:\/\/edublog.educastur.es\/maximili\/wp-json\/wp\/v2\/tags?post=549"}],"curies":[{"name":"wp","href":"https:\/\/api.w.org\/{rel}","templated":true}]}}