{"id":689,"date":"2024-04-09T18:07:15","date_gmt":"2024-04-09T16:07:15","guid":{"rendered":"https:\/\/edublog.educastur.es\/maximili\/?p=689"},"modified":"2025-02-05T09:54:28","modified_gmt":"2025-02-05T07:54:28","slug":"subimos-a-escalar","status":"publish","type":"post","link":"https:\/\/edublog.educastur.es\/maximili\/2024\/04\/09\/subimos-a-escalar\/","title":{"rendered":"Subimos a escalar"},"content":{"rendered":"<p>Otro a\u00f1o m\u00e1s subimos a practicar la escalada con nuestros amigos de la asociaci\u00f3n que gestiona el edificio p\u00fablico de las antiguas minas de Coto Musel.<\/p>\n<p>Como viene siendo tradicional han sido los alumnos y alumnas de tercero y cuarto los que han probado las instalaciones y, a continuaci\u00f3n, han tomado el pincho recuperador en el \u00e1rea de la zona anexa.<\/p>\n<p>Hemos realizado una ruta caminando muy bonita para desarrollar la actividad y que nos ha llevado por la zona rural de Laviana:<\/p>\n<p>Saliendo del colegio, hemos pasado el puente de La Sota y por carretera hemos llegado a Carrio. Subimos a la iglesia y de ah\u00ed, a la aldea de Sarambiello. A continuaci\u00f3n cogemos un camino que nos lleva a la pista que sube a Coto Musel, y en la primera curva de 180\u00ba, nos desviamos por otra pista hasta las escaleras verticales de entrenamiento. Por ellas accedemos al edificio.<\/p>\n<p>Para la vuelta bajamos por la pista hasta el camino que une con Sarambiello, volvemos hasta Carrio y ah\u00ed atravesamos la vega por un camino que hay junto al bar del h\u00f3rreo. Vemos los huertos paralelos al corredor del Nal\u00f3n y regresamos al colegio por el puente de La Sota.<\/p>\n<p><span style=\"text-decoration: underline\"><a href=\"https:\/\/photos.app.goo.gl\/aTNw2nYZvptaFBV78\">FOTOS<\/a><\/span><\/p>\n","protected":false},"excerpt":{"rendered":"<p>Otro a\u00f1o m\u00e1s subimos a practicar la escalada con nuestros amigos de la asociaci\u00f3n que gestiona el edificio p\u00fablico de las antiguas minas de Coto Musel. Como viene siendo tradicional han sido los alumnos y alumnas de tercero y cuarto los que han probado las instalaciones y, a continuaci\u00f3n, han tomado el pincho recuperador en [&hellip;]<\/p>\n","protected":false},"author":315,"featured_media":0,"comment_status":"closed","ping_status":"closed","sticky":false,"template":"","format":"standard","meta":{"footnotes":""},"categories":[9,115],"tags":[],"class_list":["post-689","post","type-post","status-publish","format-standard","hentry","category-alumnos","category-escalada","post-preview"],"_links":{"self":[{"href":"https:\/\/edublog.educastur.es\/maximili\/wp-json\/wp\/v2\/posts\/689","targetHints":{"allow":["GET"]}}],"collection":[{"href":"https:\/\/edublog.educastur.es\/maximili\/wp-json\/wp\/v2\/posts"}],"about":[{"href":"https:\/\/edublog.educastur.es\/maximili\/wp-json\/wp\/v2\/types\/post"}],"author":[{"embeddable":true,"href":"https:\/\/edublog.educastur.es\/maximili\/wp-json\/wp\/v2\/users\/315"}],"replies":[{"embeddable":true,"href":"https:\/\/edublog.educastur.es\/maximili\/wp-json\/wp\/v2\/comments?post=689"}],"version-history":[{"count":4,"href":"https:\/\/edublog.educastur.es\/maximili\/wp-json\/wp\/v2\/posts\/689\/revisions"}],"predecessor-version":[{"id":790,"href":"https:\/\/edublog.educastur.es\/maximili\/wp-json\/wp\/v2\/posts\/689\/revisions\/790"}],"wp:attachment":[{"href":"https:\/\/edublog.educastur.es\/maximili\/wp-json\/wp\/v2\/media?parent=689"}],"wp:term":[{"taxonomy":"category","embeddable":true,"href":"https:\/\/edublog.educastur.es\/maximili\/wp-json\/wp\/v2\/categories?post=689"},{"taxonomy":"post_tag","embeddable":true,"href":"https:\/\/edublog.educastur.es\/maximili\/wp-json\/wp\/v2\/tags?post=689"}],"curies":[{"name":"wp","href":"https:\/\/api.w.org\/{rel}","templated":true}]}}