{"id":70,"date":"2020-12-09T17:02:54","date_gmt":"2020-12-09T17:02:54","guid":{"rendered":"https:\/\/edublog.educastur.es\/maximili\/?p=70"},"modified":"2020-12-09T17:09:56","modified_gmt":"2020-12-09T17:09:56","slug":"actividades-semana-de-la-discapacidad","status":"publish","type":"post","link":"https:\/\/edublog.educastur.es\/maximili\/2020\/12\/09\/actividades-semana-de-la-discapacidad\/","title":{"rendered":"Actividades semana de la discapacidad"},"content":{"rendered":"<p>El pasado d\u00eda 3 de diciembre se celebr\u00f3 el d\u00eda internacional de la dis-capacidad.<\/p>\n<p>Durante esa semana hemos estado viendo v\u00eddeos de concienciaci\u00f3n y realizando dibujos que hemos incluido en un gran arco a la entrada:<\/p>\n<blockquote><p><strong><em><span style=\"font-size: 24pt\">\u00abEl arco de la inclusi\u00f3n\u00bb<\/span><\/em><\/strong>, un gran portal en el que <strong><span style=\"font-size: 24pt\">cabemos todos<\/span>.<br \/>\n<\/strong><\/p><\/blockquote>\n<p><a href=\"https:\/\/photos.app.goo.gl\/s9XuTKBobP5xEAEj7\"><img loading=\"lazy\" decoding=\"async\" class=\"alignnone size-medium wp-image-71\" src=\"http:\/\/edublog.educastur.es\/maximili\/files\/2020\/12\/IMG-20201209-WA0027-300x225.jpg\" alt=\"\" width=\"300\" height=\"225\" \/><\/a><\/p>\n<p>Si pinchas en la foto podr\u00e1s ver m\u00e1s.<\/p>\n<p>&nbsp;<\/p>\n<p>Tambi\u00e9n en Maxi Mili, nuestro canal de Facebook e Instagram:<\/p>\n<p><a href=\"https:\/\/www.facebook.com\/ColegioDeBarredos\"> https:\/\/www.facebook.com\/ColegioDeBarredos<\/a><\/p>\n","protected":false},"excerpt":{"rendered":"<p>El pasado d\u00eda 3 de diciembre se celebr\u00f3 el d\u00eda internacional de la dis-capacidad. Durante esa semana hemos estado viendo v\u00eddeos de concienciaci\u00f3n y realizando dibujos que hemos incluido en un gran arco a la entrada: \u00abEl arco de la inclusi\u00f3n\u00bb, un gran portal en el que cabemos todos. Si pinchas en la foto podr\u00e1s [&hellip;]<\/p>\n","protected":false},"author":315,"featured_media":0,"comment_status":"open","ping_status":"open","sticky":false,"template":"","format":"standard","meta":{"footnotes":""},"categories":[1],"tags":[],"class_list":["post-70","post","type-post","status-publish","format-standard","hentry","category-sin-categoria","post-preview"],"_links":{"self":[{"href":"https:\/\/edublog.educastur.es\/maximili\/wp-json\/wp\/v2\/posts\/70","targetHints":{"allow":["GET"]}}],"collection":[{"href":"https:\/\/edublog.educastur.es\/maximili\/wp-json\/wp\/v2\/posts"}],"about":[{"href":"https:\/\/edublog.educastur.es\/maximili\/wp-json\/wp\/v2\/types\/post"}],"author":[{"embeddable":true,"href":"https:\/\/edublog.educastur.es\/maximili\/wp-json\/wp\/v2\/users\/315"}],"replies":[{"embeddable":true,"href":"https:\/\/edublog.educastur.es\/maximili\/wp-json\/wp\/v2\/comments?post=70"}],"version-history":[{"count":3,"href":"https:\/\/edublog.educastur.es\/maximili\/wp-json\/wp\/v2\/posts\/70\/revisions"}],"predecessor-version":[{"id":74,"href":"https:\/\/edublog.educastur.es\/maximili\/wp-json\/wp\/v2\/posts\/70\/revisions\/74"}],"wp:attachment":[{"href":"https:\/\/edublog.educastur.es\/maximili\/wp-json\/wp\/v2\/media?parent=70"}],"wp:term":[{"taxonomy":"category","embeddable":true,"href":"https:\/\/edublog.educastur.es\/maximili\/wp-json\/wp\/v2\/categories?post=70"},{"taxonomy":"post_tag","embeddable":true,"href":"https:\/\/edublog.educastur.es\/maximili\/wp-json\/wp\/v2\/tags?post=70"}],"curies":[{"name":"wp","href":"https:\/\/api.w.org\/{rel}","templated":true}]}}