{"id":717,"date":"2024-10-25T17:06:48","date_gmt":"2024-10-25T15:06:48","guid":{"rendered":"https:\/\/edublog.educastur.es\/maximili\/?p=717"},"modified":"2024-10-28T09:34:35","modified_gmt":"2024-10-28T07:34:35","slug":"somos-de-premio","status":"publish","type":"post","link":"https:\/\/edublog.educastur.es\/maximili\/2024\/10\/25\/somos-de-premio\/","title":{"rendered":"Somos de premio"},"content":{"rendered":"<p>Esta semana, dos maestras del cole (Mar\u00eda y Aida), han ido a Toledo, al IX Congreso Estatal de Convivencia Escolar, para recoger una menci\u00f3n que nos han concedido en los II Premios de Bienestar Emocional en el \u00c1mbito Educativo, que concede el Ministerio de Educaci\u00f3n, Formaci\u00f3n Profesional y Deportes.<\/p>\n<p>El premio fue concedido por el proyecto \u00abLa Tribu del Maximili\u00bb, donde hemos trabajado aspectos como la convivencia, autocuidado, gesti\u00f3n de emociones o la salud mental de alumnos\/as, entre otras muchas cosas.<\/p>\n<p>Incluso la Consejer\u00eda de Educaci\u00f3n del Principado de Asturias se ha hecho eco de la noticia:<\/p>\n<p><a href=\"http:\/\/edublog.educastur.es\/maximili\/files\/2024\/10\/WhatsApp-Image-2024-10-25-at-13.10.33.jpeg\"><img loading=\"lazy\" decoding=\"async\" class=\"alignnone size-medium wp-image-718\" src=\"http:\/\/edublog.educastur.es\/maximili\/files\/2024\/10\/WhatsApp-Image-2024-10-25-at-13.10.33-300x267.jpeg\" alt=\"\" width=\"300\" height=\"267\" srcset=\"https:\/\/edublog.educastur.es\/maximili\/files\/2024\/10\/WhatsApp-Image-2024-10-25-at-13.10.33-300x267.jpeg 300w, https:\/\/edublog.educastur.es\/maximili\/files\/2024\/10\/WhatsApp-Image-2024-10-25-at-13.10.33-768x683.jpeg 768w, https:\/\/edublog.educastur.es\/maximili\/files\/2024\/10\/WhatsApp-Image-2024-10-25-at-13.10.33-676x601.jpeg 676w, https:\/\/edublog.educastur.es\/maximili\/files\/2024\/10\/WhatsApp-Image-2024-10-25-at-13.10.33.jpeg 800w\" sizes=\"auto, (max-width: 300px) 100vw, 300px\" \/><\/a><\/p>\n<p>&nbsp;<\/p>\n<p><a href=\"https:\/\/drive.google.com\/file\/d\/1TPZ0KITVhppDbU2VplnNSKlw_Hhk6Ufd\/view?usp=sharing\">LA TRIBU DEL MAXIMILI<\/a><\/p>\n","protected":false},"excerpt":{"rendered":"<p>Esta semana, dos maestras del cole (Mar\u00eda y Aida), han ido a Toledo, al IX Congreso Estatal de Convivencia Escolar, para recoger una menci\u00f3n que nos han concedido en los II Premios de Bienestar Emocional en el \u00c1mbito Educativo, que concede el Ministerio de Educaci\u00f3n, Formaci\u00f3n Profesional y Deportes. El premio fue concedido por el [&hellip;]<\/p>\n","protected":false},"author":315,"featured_media":0,"comment_status":"closed","ping_status":"closed","sticky":false,"template":"","format":"standard","meta":{"footnotes":""},"categories":[3,24,148],"tags":[156,26],"class_list":["post-717","post","type-post","status-publish","format-standard","hentry","category-informacion-general","category-premios","category-proyecto","tag-concursos","tag-premios","post-preview"],"_links":{"self":[{"href":"https:\/\/edublog.educastur.es\/maximili\/wp-json\/wp\/v2\/posts\/717","targetHints":{"allow":["GET"]}}],"collection":[{"href":"https:\/\/edublog.educastur.es\/maximili\/wp-json\/wp\/v2\/posts"}],"about":[{"href":"https:\/\/edublog.educastur.es\/maximili\/wp-json\/wp\/v2\/types\/post"}],"author":[{"embeddable":true,"href":"https:\/\/edublog.educastur.es\/maximili\/wp-json\/wp\/v2\/users\/315"}],"replies":[{"embeddable":true,"href":"https:\/\/edublog.educastur.es\/maximili\/wp-json\/wp\/v2\/comments?post=717"}],"version-history":[{"count":5,"href":"https:\/\/edublog.educastur.es\/maximili\/wp-json\/wp\/v2\/posts\/717\/revisions"}],"predecessor-version":[{"id":727,"href":"https:\/\/edublog.educastur.es\/maximili\/wp-json\/wp\/v2\/posts\/717\/revisions\/727"}],"wp:attachment":[{"href":"https:\/\/edublog.educastur.es\/maximili\/wp-json\/wp\/v2\/media?parent=717"}],"wp:term":[{"taxonomy":"category","embeddable":true,"href":"https:\/\/edublog.educastur.es\/maximili\/wp-json\/wp\/v2\/categories?post=717"},{"taxonomy":"post_tag","embeddable":true,"href":"https:\/\/edublog.educastur.es\/maximili\/wp-json\/wp\/v2\/tags?post=717"}],"curies":[{"name":"wp","href":"https:\/\/api.w.org\/{rel}","templated":true}]}}