{"id":764,"date":"2025-01-30T19:17:26","date_gmt":"2025-01-30T17:17:26","guid":{"rendered":"https:\/\/edublog.educastur.es\/maximili\/?p=764"},"modified":"2025-02-05T09:44:16","modified_gmt":"2025-02-05T07:44:16","slug":"dia-de-la-paz-2025","status":"publish","type":"post","link":"https:\/\/edublog.educastur.es\/maximili\/2025\/01\/30\/dia-de-la-paz-2025\/","title":{"rendered":"D\u00eda de la Paz 2025"},"content":{"rendered":"<p><a href=\"http:\/\/edublog.educastur.es\/maximili\/files\/2025\/01\/dia-de-la-paz-3.jpg\"><img loading=\"lazy\" decoding=\"async\" class=\"alignnone size-medium wp-image-769\" src=\"http:\/\/edublog.educastur.es\/maximili\/files\/2025\/01\/dia-de-la-paz-3-300x256.jpg\" alt=\"\" width=\"300\" height=\"256\" srcset=\"https:\/\/edublog.educastur.es\/maximili\/files\/2025\/01\/dia-de-la-paz-3-300x256.jpg 300w, https:\/\/edublog.educastur.es\/maximili\/files\/2025\/01\/dia-de-la-paz-3-676x577.jpg 676w, https:\/\/edublog.educastur.es\/maximili\/files\/2025\/01\/dia-de-la-paz-3.jpg 703w\" sizes=\"auto, (max-width: 300px) 100vw, 300px\" \/><\/a><\/p>\n<p>Oye, abre los ojos,<\/p>\n<p>mira hacia arriba<\/p>\n<p>y disfruta las cosas buenas<\/p>\n<p>que tiene la vida.<\/p>\n<p><em>Madre Tierra de Chayane<\/em><\/p>\n<p>Bailando esta canci\u00f3n hemos celebrado el D\u00eda de la Paz en nuestro centro.<\/p>\n<p>Adem\u00e1s hemos otorgados los premios del concurso de dibujo para elegir un logo para nuestros\/as mediadores\/as. De todos y tan buenos como ha habido Hana de 1\u00ba, Alonso de 2\u00ba, Itziar de 3\u00ba, Irene de 4\u00ba, Thelma de 5\u00ba y Sa\u00fal de 6\u00ba han resultado ganadores de sus respectivos cursos.<\/p>\n<p>Menci\u00f3n especial para Sa\u00fal y su dibujo y premio final para Itziar.<\/p>\n<p><a href=\"https:\/\/photos.app.goo.gl\/rnHDKj79EYvQVYKs6\">FOTOS<\/a><\/p>\n<p>&nbsp;<\/p>\n","protected":false},"excerpt":{"rendered":"<p>Oye, abre los ojos, mira hacia arriba y disfruta las cosas buenas que tiene la vida. Madre Tierra de Chayane Bailando esta canci\u00f3n hemos celebrado el D\u00eda de la Paz en nuestro centro. Adem\u00e1s hemos otorgados los premios del concurso de dibujo para elegir un logo para nuestros\/as mediadores\/as. De todos y tan buenos como [&hellip;]<\/p>\n","protected":false},"author":315,"featured_media":0,"comment_status":"closed","ping_status":"closed","sticky":false,"template":"","format":"standard","meta":{"footnotes":""},"categories":[9,146],"tags":[10,164],"class_list":["post-764","post","type-post","status-publish","format-standard","hentry","category-alumnos","category-dia-de-la-paz","tag-alumnos","tag-dia-de-la-paz","post-preview"],"_links":{"self":[{"href":"https:\/\/edublog.educastur.es\/maximili\/wp-json\/wp\/v2\/posts\/764","targetHints":{"allow":["GET"]}}],"collection":[{"href":"https:\/\/edublog.educastur.es\/maximili\/wp-json\/wp\/v2\/posts"}],"about":[{"href":"https:\/\/edublog.educastur.es\/maximili\/wp-json\/wp\/v2\/types\/post"}],"author":[{"embeddable":true,"href":"https:\/\/edublog.educastur.es\/maximili\/wp-json\/wp\/v2\/users\/315"}],"replies":[{"embeddable":true,"href":"https:\/\/edublog.educastur.es\/maximili\/wp-json\/wp\/v2\/comments?post=764"}],"version-history":[{"count":6,"href":"https:\/\/edublog.educastur.es\/maximili\/wp-json\/wp\/v2\/posts\/764\/revisions"}],"predecessor-version":[{"id":778,"href":"https:\/\/edublog.educastur.es\/maximili\/wp-json\/wp\/v2\/posts\/764\/revisions\/778"}],"wp:attachment":[{"href":"https:\/\/edublog.educastur.es\/maximili\/wp-json\/wp\/v2\/media?parent=764"}],"wp:term":[{"taxonomy":"category","embeddable":true,"href":"https:\/\/edublog.educastur.es\/maximili\/wp-json\/wp\/v2\/categories?post=764"},{"taxonomy":"post_tag","embeddable":true,"href":"https:\/\/edublog.educastur.es\/maximili\/wp-json\/wp\/v2\/tags?post=764"}],"curies":[{"name":"wp","href":"https:\/\/api.w.org\/{rel}","templated":true}]}}