{"id":888,"date":"2025-10-17T16:17:14","date_gmt":"2025-10-17T14:17:14","guid":{"rendered":"https:\/\/edublog.educastur.es\/maximili\/?p=888"},"modified":"2025-10-17T16:17:29","modified_gmt":"2025-10-17T14:17:29","slug":"la-vuelta-al-cole","status":"publish","type":"post","link":"https:\/\/edublog.educastur.es\/maximili\/2025\/10\/17\/la-vuelta-al-cole\/","title":{"rendered":"La Vuelta Al Cole"},"content":{"rendered":"<p>Nuestro Cole es Unoentrecienmil.<\/p>\n<p>Esta es la fundaci\u00f3n que nos propone todos los a\u00f1os correr en apoyo de la investigaci\u00f3n sobre la Leucemia Infantil y como tratarla. Profes, madres, padres y todo el alumnado del centro particip\u00f3 esta ma\u00f1ana, donde nos acompa\u00f1\u00f3 el tiempo, para demostrar que si queremos, entre todos podemos.<\/p>\n<p>Da igual peque\u00f1o que grande, tanto si puedes correr o no, puedes ayudar. Sino que se lo digan a Mateo de tercero, que a pesar de llevar una escayola ha participado en su silla de ruedas, empujado por sus compa\u00f1eros de clase, un ejemplo de tenacidad por su parte y de solidaridad y apoyo por parte del resto. Otros ejemplos han sido compa\u00f1eros y compa\u00f1eras que han corrido al lado de otros de infantil o de los primeros cursos, acompa\u00f1ando y dando \u00e1nimos a la vez.<\/p>\n<p>Hoy no importaba quien ganaba o quien llegaba el \u00faltimo, lo importante era colaborar y arrimar el hombro, y as\u00ed lo terminaron haciendo todos y todas.<\/p>\n<p>Incluso los delegados y delegadas que fueron quienes se encargaron del recuento, que se celebr\u00f3 a continuaci\u00f3n en la biblioteca, acompa\u00f1ados por nuestra \u00abDire\u00bb, Yolanda. Donde se contaron algo m\u00e1s de 1.000 \u20ac<\/p>\n<p>Gracias a las familias por vuestro apoyo en esta causa.<\/p>\n<p>&nbsp;<\/p>\n<p><a href=\"https:\/\/photos.app.goo.gl\/DYCAGCZhe5FGsiM96\">FOTOS<\/a><\/p>\n<p>&nbsp;<\/p>\n","protected":false},"excerpt":{"rendered":"<p>Nuestro Cole es Unoentrecienmil. Esta es la fundaci\u00f3n que nos propone todos los a\u00f1os correr en apoyo de la investigaci\u00f3n sobre la Leucemia Infantil y como tratarla. Profes, madres, padres y todo el alumnado del centro particip\u00f3 esta ma\u00f1ana, donde nos acompa\u00f1\u00f3 el tiempo, para demostrar que si queremos, entre todos podemos. Da igual peque\u00f1o [&hellip;]<\/p>\n","protected":false},"author":315,"featured_media":0,"comment_status":"closed","ping_status":"closed","sticky":false,"template":"","format":"standard","meta":{"footnotes":""},"categories":[9,157],"tags":[135,105,10],"class_list":["post-888","post","type-post","status-publish","format-standard","hentry","category-alumnos","category-unoentrecienmil","tag-lavueltaalcole","tag-unoentrecienmil","tag-alumnos","post-preview"],"_links":{"self":[{"href":"https:\/\/edublog.educastur.es\/maximili\/wp-json\/wp\/v2\/posts\/888","targetHints":{"allow":["GET"]}}],"collection":[{"href":"https:\/\/edublog.educastur.es\/maximili\/wp-json\/wp\/v2\/posts"}],"about":[{"href":"https:\/\/edublog.educastur.es\/maximili\/wp-json\/wp\/v2\/types\/post"}],"author":[{"embeddable":true,"href":"https:\/\/edublog.educastur.es\/maximili\/wp-json\/wp\/v2\/users\/315"}],"replies":[{"embeddable":true,"href":"https:\/\/edublog.educastur.es\/maximili\/wp-json\/wp\/v2\/comments?post=888"}],"version-history":[{"count":2,"href":"https:\/\/edublog.educastur.es\/maximili\/wp-json\/wp\/v2\/posts\/888\/revisions"}],"predecessor-version":[{"id":890,"href":"https:\/\/edublog.educastur.es\/maximili\/wp-json\/wp\/v2\/posts\/888\/revisions\/890"}],"wp:attachment":[{"href":"https:\/\/edublog.educastur.es\/maximili\/wp-json\/wp\/v2\/media?parent=888"}],"wp:term":[{"taxonomy":"category","embeddable":true,"href":"https:\/\/edublog.educastur.es\/maximili\/wp-json\/wp\/v2\/categories?post=888"},{"taxonomy":"post_tag","embeddable":true,"href":"https:\/\/edublog.educastur.es\/maximili\/wp-json\/wp\/v2\/tags?post=888"}],"curies":[{"name":"wp","href":"https:\/\/api.w.org\/{rel}","templated":true}]}}