{"id":327,"date":"2012-04-12T18:03:53","date_gmt":"2012-04-12T18:03:53","guid":{"rendered":"https:\/\/edublog.educastur.es\/mrol4\/?p=327"},"modified":"2020-11-01T18:24:19","modified_gmt":"2020-11-01T18:24:19","slug":"la-clase-pelicula","status":"publish","type":"post","link":"https:\/\/edublog.educastur.es\/mrol4\/2012\/04\/12\/la-clase-pelicula\/","title":{"rendered":"La clase, pel\u00edcula"},"content":{"rendered":"<p><img loading=\"lazy\" decoding=\"async\" class=\"alignleft wp-image-328 size-full\" src=\"http:\/\/edublog.educastur.es\/mrol4\/files\/2020\/11\/la-clase.png\" alt=\"\" width=\"225\" height=\"131\" \/><span style=\"font-family: 'comic sans ms', sans-serif\">Distrito XX, Paris, a\u00f1o escolar 2006-2007. Laurent Cantet, a quien interesa especialmente el fracaso del individuo ante el cuerpo social \u2013ver por ejemplo\u00a0<em>Recursos humanos<\/em>\u00a0(1999)\u2014 , firma\u00a0<em>La clase<\/em>\u00a0\u2013 desafortunada traducci\u00f3n de\u00a0<em>Entre les murs<\/em>,\u00a0<em>entre las paredes<\/em>\u00a0\u2013 con una destreza y frescura abrumadoras, logrando captar la vida que bulle entre las paredes de un aula, met\u00e1fora de las tensiones de las sociedades francesa y occidental. Escaso de medios y contando como actores no profesionales a los propios alumnos que participaron en talleres<span id=\"more-62\"><\/span>\u00a0de improvisaci\u00f3n durante todo el a\u00f1o escolar, ilustra las contradicciones del modelo de integraci\u00f3n franc\u00e9s &#8211; reconocer la diversidad a la vez que se ense\u00f1a una cultura \u00fanica- , adem\u00e1s de plantear las dificultades de la educaci\u00f3n en la actualidad.\u00a0<em>Entre les murs<\/em>\u00a0es una pel\u00edcula necesaria cuyo tema no es novedoso pero s\u00ed resulta imprescindible volver a examinar. Se alz\u00f3 con la Palma de Oro en el festival de Cannes 2008.<\/span><\/p>\n<hr \/>\n<p align=\"justify\"><span style=\"font-family: 'comic sans ms', sans-serif\">\u00bfCrees que el aula que aparece en la pel\u00edcula podr\u00eda ser la tuya?<\/span><\/p>\n<p align=\"justify\"><span style=\"font-family: 'comic sans ms', sans-serif\">\u00bfQu\u00e9 problemas a tu juicio presenta?<\/span><\/p>\n<p align=\"justify\"><span style=\"font-family: 'comic sans ms', sans-serif\">\u00bfSe resuelven en la pel\u00edcula? En caso afirmativo, \u00bfc\u00f3mo?<\/span><\/p>\n","protected":false},"excerpt":{"rendered":"<p>Distrito XX, Paris, a\u00f1o escolar 2006-2007. Laurent Cantet, a quien interesa especialmente el fracaso del individuo ante el cuerpo social \u2013ver por ejemplo\u00a0Recursos humanos\u00a0(1999)\u2014 , firma\u00a0La clase\u00a0\u2013 desafortunada traducci\u00f3n de\u00a0Entre les murs,\u00a0entre las paredes\u00a0\u2013 con una destreza y frescura abrumadoras, logrando captar la vida que bulle entre las paredes de un aula, met\u00e1fora de las&hellip; <a href=\"https:\/\/edublog.educastur.es\/mrol4\/2012\/04\/12\/la-clase-pelicula\/\" class=\"more-link\">Seguir leyendo <span class=\"screen-reader-text\">La clase, pel\u00edcula<\/span><\/a><\/p>\n","protected":false},"author":134,"featured_media":0,"comment_status":"open","ping_status":"open","sticky":false,"template":"","format":"standard","meta":{"footnotes":""},"categories":[2],"tags":[],"class_list":["post-327","post","type-post","status-publish","format-standard","hentry","category-general","without-featured-image"],"_links":{"self":[{"href":"https:\/\/edublog.educastur.es\/mrol4\/wp-json\/wp\/v2\/posts\/327","targetHints":{"allow":["GET"]}}],"collection":[{"href":"https:\/\/edublog.educastur.es\/mrol4\/wp-json\/wp\/v2\/posts"}],"about":[{"href":"https:\/\/edublog.educastur.es\/mrol4\/wp-json\/wp\/v2\/types\/post"}],"author":[{"embeddable":true,"href":"https:\/\/edublog.educastur.es\/mrol4\/wp-json\/wp\/v2\/users\/134"}],"replies":[{"embeddable":true,"href":"https:\/\/edublog.educastur.es\/mrol4\/wp-json\/wp\/v2\/comments?post=327"}],"version-history":[{"count":3,"href":"https:\/\/edublog.educastur.es\/mrol4\/wp-json\/wp\/v2\/posts\/327\/revisions"}],"predecessor-version":[{"id":331,"href":"https:\/\/edublog.educastur.es\/mrol4\/wp-json\/wp\/v2\/posts\/327\/revisions\/331"}],"wp:attachment":[{"href":"https:\/\/edublog.educastur.es\/mrol4\/wp-json\/wp\/v2\/media?parent=327"}],"wp:term":[{"taxonomy":"category","embeddable":true,"href":"https:\/\/edublog.educastur.es\/mrol4\/wp-json\/wp\/v2\/categories?post=327"},{"taxonomy":"post_tag","embeddable":true,"href":"https:\/\/edublog.educastur.es\/mrol4\/wp-json\/wp\/v2\/tags?post=327"}],"curies":[{"name":"wp","href":"https:\/\/api.w.org\/{rel}","templated":true}]}}