{"id":1414,"date":"2024-02-26T18:25:09","date_gmt":"2024-02-26T18:25:09","guid":{"rendered":"https:\/\/edublog.educastur.es\/palabrasalviento\/?p=1414"},"modified":"2024-02-28T18:53:45","modified_gmt":"2024-02-28T18:53:45","slug":"sintaxis","status":"publish","type":"post","link":"https:\/\/edublog.educastur.es\/palabrasalviento\/2024\/02\/26\/sintaxis\/","title":{"rendered":"Sintaxis"},"content":{"rendered":"<p>Trabajando la sintaxis en 1\u00ba ESO:<\/p>\n<p><strong>V\u00edDEO EXPLICATIVO<\/strong><\/p>\n<ul>\n<li>Comenzamos con un v\u00eddeo que nos explica los pasos a seguir en un an\u00e1lisis sint\u00e1ctico.<\/li>\n<\/ul>\n<p><img loading=\"lazy\" decoding=\"async\" class=\"aligncenter size-full wp-image-1419\" src=\"http:\/\/edublog.educastur.es\/palabrasalviento\/files\/2024\/02\/Captura-de-pantalla-2024-02-26-a-las-19.24.00.png\" alt=\"\" width=\"1258\" height=\"884\" srcset=\"https:\/\/edublog.educastur.es\/palabrasalviento\/files\/2024\/02\/Captura-de-pantalla-2024-02-26-a-las-19.24.00.png 1258w, https:\/\/edublog.educastur.es\/palabrasalviento\/files\/2024\/02\/Captura-de-pantalla-2024-02-26-a-las-19.24.00-300x211.png 300w, https:\/\/edublog.educastur.es\/palabrasalviento\/files\/2024\/02\/Captura-de-pantalla-2024-02-26-a-las-19.24.00-1024x720.png 1024w, https:\/\/edublog.educastur.es\/palabrasalviento\/files\/2024\/02\/Captura-de-pantalla-2024-02-26-a-las-19.24.00-768x540.png 768w, https:\/\/edublog.educastur.es\/palabrasalviento\/files\/2024\/02\/Captura-de-pantalla-2024-02-26-a-las-19.24.00-676x475.png 676w\" sizes=\"auto, (max-width: 1258px) 100vw, 1258px\" \/><\/p>\n\n<!-- iframe plugin v.6.0 wordpress.org\/plugins\/iframe\/ -->\n<iframe loading=\"lazy\" width=\"470\" height=\"404\" src=\"https:\/\/edpuzzle.com\/embed\/media\/6529594c89988e401aefaef3\" frameborder=\"0\" 0=\"allowfullscreen&gt;&lt;\/iframe\" scrolling=\"yes\" class=\"iframe-class\"><\/iframe>\n\n<p><a href=\"https:\/\/edublog.educastur.es\/palabrasalviento\/bienvenida\/\">Pasos para el an\u00e1lisis sint\u00e1ctico<\/a><\/p>\n<p>&nbsp;<\/p>\n<p>Autor\u00eda: <a class=\"kvVVRmoyRB AUTm_QB8Ey KkskDixmBw SLEIHimWSn w7fqz4hwbs amo7Q8Hhbp NYByeND16Q\" href=\"https:\/\/edpuzzle.com\/channel\/642725b00fc8df4310d8c5cf\/\" target=\"_blank\" rel=\"noopener noreferrer\">Julia Irene Fern\u00e1ndez Larr\u00fa<\/a><\/p>\n<p>Modificado: Edupuzzle.<\/p>\n<p>Licencia: Youtube<\/p>\n<p><strong>EJERCICIOS EN L\u00cdNEA<\/strong><\/p>\n<ul>\n<li>Vamos a practicar con estos ejercicios de sujeto y predicado<\/li>\n<\/ul>\n<p><a href=\"https:\/\/es.educaplay.com\/recursos-educativos\/3091676-sujeto_y_predicado.html\">Educaplay: sujeto y predicado.<\/a><\/p>\n<p>Autor\u00eda: Autor\u00eda: Alba Ruiz Herrero<\/p>\n<p>Licencia: educaplay.<a href=\"https:\/\/es.educaplay.com\/recursos-educativos\/3091676-sujeto_y_predicado.html\"><br \/>\n<img loading=\"lazy\" decoding=\"async\" class=\"aligncenter size-full wp-image-1415\" src=\"http:\/\/edublog.educastur.es\/palabrasalviento\/files\/2024\/02\/Captura-de-pantalla-2024-02-26-a-las-18.42.08.png\" alt=\"\" width=\"2880\" height=\"1410\" srcset=\"https:\/\/edublog.educastur.es\/palabrasalviento\/files\/2024\/02\/Captura-de-pantalla-2024-02-26-a-las-18.42.08.png 2880w, https:\/\/edublog.educastur.es\/palabrasalviento\/files\/2024\/02\/Captura-de-pantalla-2024-02-26-a-las-18.42.08-300x147.png 300w, https:\/\/edublog.educastur.es\/palabrasalviento\/files\/2024\/02\/Captura-de-pantalla-2024-02-26-a-las-18.42.08-1024x501.png 1024w, https:\/\/edublog.educastur.es\/palabrasalviento\/files\/2024\/02\/Captura-de-pantalla-2024-02-26-a-las-18.42.08-768x376.png 768w, https:\/\/edublog.educastur.es\/palabrasalviento\/files\/2024\/02\/Captura-de-pantalla-2024-02-26-a-las-18.42.08-1536x752.png 1536w, https:\/\/edublog.educastur.es\/palabrasalviento\/files\/2024\/02\/Captura-de-pantalla-2024-02-26-a-las-18.42.08-2048x1003.png 2048w, https:\/\/edublog.educastur.es\/palabrasalviento\/files\/2024\/02\/Captura-de-pantalla-2024-02-26-a-las-18.42.08-676x331.png 676w\" sizes=\"auto, (max-width: 2880px) 100vw, 2880px\" \/><\/a><\/p>\n<p>&nbsp;<\/p>\n<p>&nbsp;<\/p>\n<p><strong>PR\u00c1CTICA DE AN\u00c1LISIS SINT\u00c1CTICO EN ORACIONES SIMPLES<\/strong><\/p>\n<ul>\n<li>Un poco m\u00e1s dif\u00edcil practicamos con las oraciones simples en casa y comprobamos si est\u00e1n bien.<\/li>\n<\/ul>\n<p><a href=\"https:\/\/sintaxis.org\/practicar\/\">Oraciones simples resueltas<\/a><\/p>\n<p>Autor\u00eda: Sintaxis.org<\/p>\n<p><img loading=\"lazy\" decoding=\"async\" class=\"aligncenter size-full wp-image-1416\" src=\"http:\/\/edublog.educastur.es\/palabrasalviento\/files\/2024\/02\/Captura-de-pantalla-2024-02-26-a-las-18.48.44.png\" alt=\"\" width=\"2740\" height=\"1586\" srcset=\"https:\/\/edublog.educastur.es\/palabrasalviento\/files\/2024\/02\/Captura-de-pantalla-2024-02-26-a-las-18.48.44.png 2740w, https:\/\/edublog.educastur.es\/palabrasalviento\/files\/2024\/02\/Captura-de-pantalla-2024-02-26-a-las-18.48.44-300x174.png 300w, https:\/\/edublog.educastur.es\/palabrasalviento\/files\/2024\/02\/Captura-de-pantalla-2024-02-26-a-las-18.48.44-1024x593.png 1024w, https:\/\/edublog.educastur.es\/palabrasalviento\/files\/2024\/02\/Captura-de-pantalla-2024-02-26-a-las-18.48.44-768x445.png 768w, https:\/\/edublog.educastur.es\/palabrasalviento\/files\/2024\/02\/Captura-de-pantalla-2024-02-26-a-las-18.48.44-1536x889.png 1536w, https:\/\/edublog.educastur.es\/palabrasalviento\/files\/2024\/02\/Captura-de-pantalla-2024-02-26-a-las-18.48.44-2048x1185.png 2048w, https:\/\/edublog.educastur.es\/palabrasalviento\/files\/2024\/02\/Captura-de-pantalla-2024-02-26-a-las-18.48.44-676x391.png 676w\" sizes=\"auto, (max-width: 2740px) 100vw, 2740px\" \/><\/p>\n<p>Estos materiales han sido seleccionados porque permiten dinamizar las clases, favoreciendo la motivaci\u00f3n al hacer las actividades m\u00e1s atractivas. Ayudan a la comprensi\u00f3n de los contenidos en las diferentes etapas de la unidad. Adem\u00e1s son excelentes materiales de refuerzo y de ampliaci\u00f3n que facilitan y fomentan el trabajo aut\u00f3nomo fuera del aula ajust\u00e1ndose a los diferentes ritmos del proceso ense\u00f1anza-aprendizaje enmarcados en el DUA.<\/p>\n<p>This work is licensed under <a href=\"http:\/\/creativecommons.org\/licenses\/by-nc\/4.0\/?ref=chooser-v1\" target=\"_blank\" rel=\"license noopener noreferrer\">CC BY-NC 4.0<img decoding=\"async\" style=\"height: 22px!important;margin-left: 3px;vertical-align: text-bottom\" src=\"https:\/\/mirrors.creativecommons.org\/presskit\/icons\/cc.svg?ref=chooser-v1\" \/><img decoding=\"async\" style=\"height: 22px!important;margin-left: 3px;vertical-align: text-bottom\" src=\"https:\/\/mirrors.creativecommons.org\/presskit\/icons\/by.svg?ref=chooser-v1\" \/><img decoding=\"async\" style=\"height: 22px!important;margin-left: 3px;vertical-align: text-bottom\" src=\"https:\/\/mirrors.creativecommons.org\/presskit\/icons\/nc.svg?ref=chooser-v1\" \/><\/a><\/p>\n<p>&nbsp;<\/p>\n","protected":false},"excerpt":{"rendered":"<p>Trabajando la sintaxis en 1\u00ba ESO: V\u00edDEO EXPLICATIVO Comenzamos con un v\u00eddeo que nos explica los pasos a seguir en un an\u00e1lisis sint\u00e1ctico. Pasos para el an\u00e1lisis sint\u00e1ctico &nbsp; Autor\u00eda: Julia Irene Fern\u00e1ndez Larr\u00fa Modificado: Edupuzzle. Licencia: Youtube EJERCICIOS EN L\u00cdNEA Vamos a practicar con estos ejercicios de sujeto y predicado Educaplay: sujeto y predicado. [&hellip;]<\/p>\n","protected":false},"author":669,"featured_media":0,"comment_status":"open","ping_status":"open","sticky":false,"template":"","format":"standard","meta":{"footnotes":""},"categories":[1],"tags":[],"class_list":["post-1414","post","type-post","status-publish","format-standard","hentry","category-bienvenida","post-preview"],"_links":{"self":[{"href":"https:\/\/edublog.educastur.es\/palabrasalviento\/wp-json\/wp\/v2\/posts\/1414","targetHints":{"allow":["GET"]}}],"collection":[{"href":"https:\/\/edublog.educastur.es\/palabrasalviento\/wp-json\/wp\/v2\/posts"}],"about":[{"href":"https:\/\/edublog.educastur.es\/palabrasalviento\/wp-json\/wp\/v2\/types\/post"}],"author":[{"embeddable":true,"href":"https:\/\/edublog.educastur.es\/palabrasalviento\/wp-json\/wp\/v2\/users\/669"}],"replies":[{"embeddable":true,"href":"https:\/\/edublog.educastur.es\/palabrasalviento\/wp-json\/wp\/v2\/comments?post=1414"}],"version-history":[{"count":9,"href":"https:\/\/edublog.educastur.es\/palabrasalviento\/wp-json\/wp\/v2\/posts\/1414\/revisions"}],"predecessor-version":[{"id":1428,"href":"https:\/\/edublog.educastur.es\/palabrasalviento\/wp-json\/wp\/v2\/posts\/1414\/revisions\/1428"}],"wp:attachment":[{"href":"https:\/\/edublog.educastur.es\/palabrasalviento\/wp-json\/wp\/v2\/media?parent=1414"}],"wp:term":[{"taxonomy":"category","embeddable":true,"href":"https:\/\/edublog.educastur.es\/palabrasalviento\/wp-json\/wp\/v2\/categories?post=1414"},{"taxonomy":"post_tag","embeddable":true,"href":"https:\/\/edublog.educastur.es\/palabrasalviento\/wp-json\/wp\/v2\/tags?post=1414"}],"curies":[{"name":"wp","href":"https:\/\/api.w.org\/{rel}","templated":true}]}}