{"id":1461,"date":"2024-04-06T22:21:22","date_gmt":"2024-04-06T22:21:22","guid":{"rendered":"https:\/\/edublog.educastur.es\/palabrasalviento\/?p=1461"},"modified":"2024-04-06T23:19:16","modified_gmt":"2024-04-06T23:19:16","slug":"reinventando-los-clasicos","status":"publish","type":"post","link":"https:\/\/edublog.educastur.es\/palabrasalviento\/2024\/04\/06\/reinventando-los-clasicos\/","title":{"rendered":"REINVENTANDO LOS CL\u00c1SICOS"},"content":{"rendered":"<p>\u00a1Hola a todos y a todas!<\/p>\n<p>Hoy nos embarcaremos en un emocionante viaje hacia el mundo de la poes\u00eda vanguardista. En esta tarea, exploraremos diversas t\u00e9cnicas y movimientos po\u00e9ticos del siglo XX que desafiaron las convenciones tradicionales y abrazaron la innovaci\u00f3n y la experimentaci\u00f3n.<\/p>\n<h4><span style=\"font-size: 18pt\">Objetivo de la Tarea:<\/span><\/h4>\n<p>El objetivo principal de esta tarea es que exploren y experimenten con diferentes t\u00e9cnicas vanguardistas para crear nuevos poemas a partir de los cl\u00e1sicos. A trav\u00e9s de esta experiencia, tendr\u00e9is la oportunidad de ampliar vuestra creatividad, comprender la importancia del movimiento vanguardista en la historia de la literatura y expresaros de manera innovadora.<\/p>\n<p>Para ello tendr\u00e9is que hacer una investigaci\u00f3n preliminar sobre las diferentes t\u00e9cnicas usadas por los autores de los diferentes movimientos vanguardistas. Para despu\u00e9s aplicarlas en los poemas de los autores de la Generaci\u00f3n del 27.<\/p>\n<p>Os dejo en estos enlaces las presentaciones vistas en clase sobre los autores de estos movimientos literarios para que pod\u00e1is repasar la teor\u00eda.<\/p>\n<ul>\n<li>Tambi\u00e9n pod\u00e9is descargar aqu\u00ed la presentaci\u00f3n\u00a0 <a href=\"https:\/\/educastur-my.sharepoint.com\/:p:\/g\/personal\/anacsr_educastur_org\/EbtGAoLtBLVBsV69qAVGs3oBAXnv6al9Il0zELbbuAnC6g?e=FKTfVv\">Generaci\u00f3n del 27<\/a><\/li>\n<\/ul>\n<p>&nbsp;<\/p>\n\n<!-- iframe plugin v.6.0 wordpress.org\/plugins\/iframe\/ -->\n<iframe loading=\"lazy\" src=\"https:\/\/www.slideshare.net\/slideshow\/embed_code\/key\/x4TKi6AUlcbQvG?hostedIn=slideshare&#038;page=upload\" width=\"476\" height=\"400\" frameborder=\"0\" marginwidth=\"0\" marginheight=\"0\" 0=\"scrolling=&quot;no&quot;&gt;&lt;\/iframe\" scrolling=\"yes\" class=\"iframe-class\"><\/iframe>\n\n<ul>\n<li>En este enlace la descarg\u00e1is\u00a0<a href=\"https:\/\/educastur-my.sharepoint.com\/:p:\/g\/personal\/anacsr_educastur_org\/EWmmkATx-nBBoWgrVOiQvhIBKxs1xgWU6kXVO9fZYwNEHA?e=ugYTNf\">Las Vanguardias<\/a><\/li>\n<\/ul>\n\n<!-- iframe plugin v.6.0 wordpress.org\/plugins\/iframe\/ -->\n<iframe loading=\"lazy\" src=\"https:\/\/www.slideshare.net\/slideshow\/embed_code\/key\/bJyHxSaR8VVx7b?hostedIn=slideshare&#038;page=upload\" width=\"476\" height=\"400\" frameborder=\"0\" marginwidth=\"0\" marginheight=\"0\" 0=\"scrolling=&quot;no&quot;&gt;&lt;\/iframe\" scrolling=\"yes\" class=\"iframe-class\"><\/iframe>\n\n<p><span style=\"font-size: 18pt\"><strong>Instrucciones:<\/strong><\/span><\/p>\n<p><img loading=\"lazy\" decoding=\"async\" class=\"aligncenter size-full wp-image-1462\" src=\"http:\/\/edublog.educastur.es\/palabrasalviento\/files\/2024\/04\/poemas-de-vanguardia.png\" alt=\"Instrucciones para la tarea.\" width=\"707\" height=\"1000\" srcset=\"https:\/\/edublog.educastur.es\/palabrasalviento\/files\/2024\/04\/poemas-de-vanguardia.png 707w, https:\/\/edublog.educastur.es\/palabrasalviento\/files\/2024\/04\/poemas-de-vanguardia-212x300.png 212w, https:\/\/edublog.educastur.es\/palabrasalviento\/files\/2024\/04\/poemas-de-vanguardia-676x956.png 676w\" sizes=\"auto, (max-width: 707px) 100vw, 707px\" \/><\/p>\n<p>&nbsp;<\/p>\n<p><span style=\"font-size: 18pt\"><strong>Trabajo en casa:<\/strong><\/span><\/p>\n<ul>\n<li>Ten\u00e9is que leer este texto en casa para que pod\u00e1is hacer el comentario en clase: pasos y ejemplo de un comentario po\u00e9tico. Pod\u00e9is descargarlo en este\u00a0<a href=\"https:\/\/educastur-my.sharepoint.com\/:b:\/g\/personal\/anacsr_educastur_org\/ETiyD1vWM3BIj4b2QdqaqXkBO5NQWyxoknsEYv8LEod9gQ?e=iq7ehT\">Enlace<\/a><\/li>\n<\/ul>\n\n<!-- iframe plugin v.6.0 wordpress.org\/plugins\/iframe\/ -->\n<iframe loading=\"lazy\" src=\"https:\/\/www.slideshare.net\/slideshow\/embed_code\/key\/27PVrbfQ1MJo8p?hostedIn=slideshare&#038;page=upload\" width=\"476\" height=\"400\" frameborder=\"0\" marginwidth=\"0\" marginheight=\"0\" 0=\"scrolling=&quot;no&quot;&gt;&lt;\/iframe\" scrolling=\"yes\" class=\"iframe-class\"><\/iframe>\n\n<ul>\n<li>Ver estos v\u00eddeos:<\/li>\n<\/ul>\n<p><strong>Caligrama<\/strong><\/p>\n\n<!-- iframe plugin v.6.0 wordpress.org\/plugins\/iframe\/ -->\n<iframe loading=\"lazy\" width=\"560\" height=\"315\" src=\"https:\/\/www.youtube.com\/embed\/Dx4zSLsOllU?si=ZlGxEm81icf6VsIZ\" title=\"YouTube video player\" frameborder=\"0\" allow=\"accelerometer; autoplay; clipboard-write; encrypted-media; gyroscope; picture-in-picture; web-share\" referrerpolicy=\"strict-origin-when-cross-origin\" 0=\"allowfullscreen&gt;&lt;\/iframe\" scrolling=\"yes\" class=\"iframe-class\"><\/iframe>\n\n<p>&nbsp;<\/p>\n<p><strong>Collage<\/strong><\/p>\n\n<!-- iframe plugin v.6.0 wordpress.org\/plugins\/iframe\/ -->\n<iframe loading=\"lazy\" width=\"560\" height=\"315\" src=\"https:\/\/www.youtube.com\/embed\/RKhYjbrQ-5U?si=Kj_2o_9iKi_LDYZQ\" title=\"YouTube video player\" frameborder=\"0\" allow=\"accelerometer; autoplay; clipboard-write; encrypted-media; gyroscope; picture-in-picture; web-share\" referrerpolicy=\"strict-origin-when-cross-origin\" 0=\"allowfullscreen&gt;&lt;\/iframe\" scrolling=\"yes\" class=\"iframe-class\"><\/iframe>\n\n<p>&nbsp;<\/p>\n<p><strong>Poema dada\u00edsta<\/strong><\/p>\n\n<!-- iframe plugin v.6.0 wordpress.org\/plugins\/iframe\/ -->\n<iframe loading=\"lazy\" width=\"560\" height=\"315\" src=\"https:\/\/www.youtube.com\/embed\/ELUq33iK3OA?si=c409NraRWipc_r8z\" title=\"YouTube video player\" frameborder=\"0\" allow=\"accelerometer; autoplay; clipboard-write; encrypted-media; gyroscope; picture-in-picture; web-share\" referrerpolicy=\"strict-origin-when-cross-origin\" 0=\"allowfullscreen&gt;&lt;\/iframe\" scrolling=\"yes\" class=\"iframe-class\"><\/iframe>\n\n<p>&nbsp;<\/p>\n<p><strong>Ejemplo de poema fon\u00e9tico\u00a0<\/strong><\/p>\n\n<!-- iframe plugin v.6.0 wordpress.org\/plugins\/iframe\/ -->\n<iframe loading=\"lazy\" width=\"560\" height=\"315\" src=\"https:\/\/www.youtube.com\/embed\/Nfxb8mp3ijc?si=p5QoDcU7nM8e8O9Y\" title=\"YouTube video player\" frameborder=\"0\" allow=\"accelerometer; autoplay; clipboard-write; encrypted-media; gyroscope; picture-in-picture; web-share\" referrerpolicy=\"strict-origin-when-cross-origin\" 0=\"allowfullscreen&gt;&lt;\/iframe\" scrolling=\"yes\" class=\"iframe-class\"><\/iframe>\n\n<p>&nbsp;<\/p>\n<p><strong>R\u00fabrica tarea:<\/strong><\/p>\n<p>Otro punto importante es ver lo que se va a valorar en esta tarea para que pod\u00e1is cumplir todos los \u00edtems solicitados, por esto os dejo la r\u00fabrica para que pod\u00e1is analizarla con detenimiento en casa.<\/p>\n<p><img loading=\"lazy\" decoding=\"async\" class=\"aligncenter size-full wp-image-1475\" src=\"http:\/\/edublog.educastur.es\/palabrasalviento\/files\/2024\/04\/Rubrica-clase-invertida.png\" alt=\"R\u00fabrica para la coevaluaci\u00f3n.\" width=\"1536\" height=\"1090\" srcset=\"https:\/\/edublog.educastur.es\/palabrasalviento\/files\/2024\/04\/Rubrica-clase-invertida.png 1536w, https:\/\/edublog.educastur.es\/palabrasalviento\/files\/2024\/04\/Rubrica-clase-invertida-300x213.png 300w, https:\/\/edublog.educastur.es\/palabrasalviento\/files\/2024\/04\/Rubrica-clase-invertida-1024x727.png 1024w, https:\/\/edublog.educastur.es\/palabrasalviento\/files\/2024\/04\/Rubrica-clase-invertida-768x545.png 768w, https:\/\/edublog.educastur.es\/palabrasalviento\/files\/2024\/04\/Rubrica-clase-invertida-676x480.png 676w\" sizes=\"auto, (max-width: 1536px) 100vw, 1536px\" \/><\/p>\n<p>&nbsp;<\/p>\n<p>Ahora ya est\u00e1is preparados para empezar a trabajar en grupos.<span style=\"font-size: 18pt\"><strong> \u00a1SEGUIMOS EN CLASE!\u00a0<\/strong><\/span><\/p>\n<p>&nbsp;<\/p>\n<p><img loading=\"lazy\" decoding=\"async\" class=\"aligncenter size-full wp-image-1479\" src=\"http:\/\/edublog.educastur.es\/palabrasalviento\/files\/2024\/04\/poemas-de-vanguardia-2.jpg\" alt=\"POEMA GENERACI\u00d3N 27 PARA LA TAREA\" width=\"1237\" height=\"1750\" srcset=\"https:\/\/edublog.educastur.es\/palabrasalviento\/files\/2024\/04\/poemas-de-vanguardia-2.jpg 1237w, https:\/\/edublog.educastur.es\/palabrasalviento\/files\/2024\/04\/poemas-de-vanguardia-2-212x300.jpg 212w, https:\/\/edublog.educastur.es\/palabrasalviento\/files\/2024\/04\/poemas-de-vanguardia-2-724x1024.jpg 724w, https:\/\/edublog.educastur.es\/palabrasalviento\/files\/2024\/04\/poemas-de-vanguardia-2-768x1086.jpg 768w, https:\/\/edublog.educastur.es\/palabrasalviento\/files\/2024\/04\/poemas-de-vanguardia-2-1086x1536.jpg 1086w, https:\/\/edublog.educastur.es\/palabrasalviento\/files\/2024\/04\/poemas-de-vanguardia-2-676x956.jpg 676w\" sizes=\"auto, (max-width: 1237px) 100vw, 1237px\" \/><br \/>\nThis work is licensed under <a href=\"http:\/\/creativecommons.org\/licenses\/by-nc\/4.0\/?ref=chooser-v1\" target=\"_blank\" rel=\"license noopener noreferrer\">CC BY-NC 4.0<img decoding=\"async\" style=\"height: 22px!important;margin-left: 3px;vertical-align: text-bottom\" src=\"https:\/\/mirrors.creativecommons.org\/presskit\/icons\/cc.svg?ref=chooser-v1\" \/><img decoding=\"async\" style=\"height: 22px!important;margin-left: 3px;vertical-align: text-bottom\" src=\"https:\/\/mirrors.creativecommons.org\/presskit\/icons\/by.svg?ref=chooser-v1\" \/><img decoding=\"async\" style=\"height: 22px!important;margin-left: 3px;vertical-align: text-bottom\" src=\"https:\/\/mirrors.creativecommons.org\/presskit\/icons\/nc.svg?ref=chooser-v1\" \/><\/a><\/p>\n","protected":false},"excerpt":{"rendered":"<p>\u00a1Hola a todos y a todas! Hoy nos embarcaremos en un emocionante viaje hacia el mundo de la poes\u00eda vanguardista. En esta tarea, exploraremos diversas t\u00e9cnicas y movimientos po\u00e9ticos del siglo XX que desafiaron las convenciones tradicionales y abrazaron la innovaci\u00f3n y la experimentaci\u00f3n. Objetivo de la Tarea: El objetivo principal de esta tarea es [&hellip;]<\/p>\n","protected":false},"author":669,"featured_media":0,"comment_status":"open","ping_status":"open","sticky":false,"template":"","format":"standard","meta":{"footnotes":""},"categories":[1],"tags":[],"class_list":["post-1461","post","type-post","status-publish","format-standard","hentry","category-bienvenida","post-preview"],"_links":{"self":[{"href":"https:\/\/edublog.educastur.es\/palabrasalviento\/wp-json\/wp\/v2\/posts\/1461","targetHints":{"allow":["GET"]}}],"collection":[{"href":"https:\/\/edublog.educastur.es\/palabrasalviento\/wp-json\/wp\/v2\/posts"}],"about":[{"href":"https:\/\/edublog.educastur.es\/palabrasalviento\/wp-json\/wp\/v2\/types\/post"}],"author":[{"embeddable":true,"href":"https:\/\/edublog.educastur.es\/palabrasalviento\/wp-json\/wp\/v2\/users\/669"}],"replies":[{"embeddable":true,"href":"https:\/\/edublog.educastur.es\/palabrasalviento\/wp-json\/wp\/v2\/comments?post=1461"}],"version-history":[{"count":14,"href":"https:\/\/edublog.educastur.es\/palabrasalviento\/wp-json\/wp\/v2\/posts\/1461\/revisions"}],"predecessor-version":[{"id":1480,"href":"https:\/\/edublog.educastur.es\/palabrasalviento\/wp-json\/wp\/v2\/posts\/1461\/revisions\/1480"}],"wp:attachment":[{"href":"https:\/\/edublog.educastur.es\/palabrasalviento\/wp-json\/wp\/v2\/media?parent=1461"}],"wp:term":[{"taxonomy":"category","embeddable":true,"href":"https:\/\/edublog.educastur.es\/palabrasalviento\/wp-json\/wp\/v2\/categories?post=1461"},{"taxonomy":"post_tag","embeddable":true,"href":"https:\/\/edublog.educastur.es\/palabrasalviento\/wp-json\/wp\/v2\/tags?post=1461"}],"curies":[{"name":"wp","href":"https:\/\/api.w.org\/{rel}","templated":true}]}}