{"id":457,"date":"2023-05-27T12:39:44","date_gmt":"2023-05-27T12:39:44","guid":{"rendered":"https:\/\/edublog.educastur.es\/palabrasalviento\/?p=457"},"modified":"2024-02-10T22:06:59","modified_gmt":"2024-02-10T22:06:59","slug":"inicio","status":"publish","type":"post","link":"https:\/\/edublog.educastur.es\/palabrasalviento\/2023\/05\/27\/inicio\/","title":{"rendered":"INICIO"},"content":{"rendered":"<p><img loading=\"lazy\" decoding=\"async\" class=\"wp-image-1392 alignleft\" src=\"http:\/\/edublog.educastur.es\/palabrasalviento\/files\/2023\/05\/comunicacion-interna-infografia.jpg\" alt=\"\" width=\"295\" height=\"738\" srcset=\"https:\/\/edublog.educastur.es\/palabrasalviento\/files\/2023\/05\/comunicacion-interna-infografia.jpg 800w, https:\/\/edublog.educastur.es\/palabrasalviento\/files\/2023\/05\/comunicacion-interna-infografia-120x300.jpg 120w, https:\/\/edublog.educastur.es\/palabrasalviento\/files\/2023\/05\/comunicacion-interna-infografia-410x1024.jpg 410w, https:\/\/edublog.educastur.es\/palabrasalviento\/files\/2023\/05\/comunicacion-interna-infografia-768x1920.jpg 768w, https:\/\/edublog.educastur.es\/palabrasalviento\/files\/2023\/05\/comunicacion-interna-infografia-614x1536.jpg 614w, https:\/\/edublog.educastur.es\/palabrasalviento\/files\/2023\/05\/comunicacion-interna-infografia-676x1690.jpg 676w\" sizes=\"auto, (max-width: 295px) 100vw, 295px\" \/>Bienvenidos y bienvenidas \u00a0a nuestro blog de 4\u00ba de ESO de la asignatura de Lengua Castellana y Literatura. Soy la profesora Ana Cristina, y estoy emocionada de comenzar esta nueva aventura en l\u00ednea con todos vosotros.<\/p>\n<p>La comunicaci\u00f3n es imprescindible para el buen desarrollo de cualquier actividad y aqu\u00ed os dejo los diferentes medios de comunicaci\u00f3n interna que est\u00e1n a nuestro alcance hoy en d\u00eda.<\/p>\n<p>Con la ayuda de este \u00a0blog, exploraremos juntos el fascinante mundo de la lengua castellana y su literatura. Aqu\u00ed compartiremos recursos, reflexiones, actividades y recomendaciones que nos ayudar\u00e1n a profundizar nuestros conocimientos y habilidades en esta asignatura tan importante.<\/p>\n<p>Mi objetivo principal es crear un espacio interactivo y colaborativo donde podamos aprender de manera divertida y enriquecedora. Quiero fomentar el amor por la lengua y la literatura, as\u00ed como desarrollar nuestras habilidades de lectura, escritura, expresi\u00f3n oral y comprensi\u00f3n.<\/p>\n<p>En este blog, exploraremos diversos temas, desde la gram\u00e1tica y la sintaxis hasta la poes\u00eda, el teatro y la narrativa. Tambi\u00e9n exploraremos la literatura cl\u00e1sica y contempor\u00e1nea, analizando obras maestras y descubriendo nuevos talentos literarios.<\/p>\n<p>A trav\u00e9s de publicaciones regulares, compartiremos consejos de escritura, recomendaciones de libros, an\u00e1lisis de textos literarios, discutiremos temas de actualidad relacionados con la lengua y la literatura, y proporcionaremos ejercicios pr\u00e1cticos para poner en pr\u00e1ctica lo aprendido.<\/p>\n<p>Adem\u00e1s, animo a todos los estudiantes a participar activamente en el blog. Pueden dejar comentarios, hacer preguntas, compartir sus escritos y recomendaciones de lectura. Este blog es un espacio abierto para el di\u00e1logo y la expresi\u00f3n creativa.<\/p>\n<p>Estoy aqu\u00ed para apoyarlos en su camino de aprendizaje y desarrollo. Estar\u00e9 disponible para responder preguntas, proporcionar retroalimentaci\u00f3n constructiva y ofrecer orientaci\u00f3n adicional cuando sea necesario. Tambi\u00e9n aprovechar\u00e9 la oportunidad para celebrar los logros y el progreso de cada uno de ustedes.<\/p>\n<p>Estoy emocionada de comenzar este viaje educativo con todos vosotros. Espero que este <span style=\"color: #008000\"><strong>blog de aula<\/strong><\/span> sea un recurso valioso y una fuente de inspiraci\u00f3n para todos nosotros. \u00a1Juntos exploraremos las maravillas del lenguaje y la literatura!<\/p>\n<p>As\u00ed que, sin m\u00e1s pre\u00e1mbulos, \u00a1vamos a comenzar esta emocionante aventura de aprendizaje! \u00a1Bienvenidos al blog de aula de Lengua Castellana y Literatura!<\/p>\n<p>Puedes conocerme mejor\u00a0<strong><span style=\"color: #008000\"><a style=\"color: #008000\" href=\"https:\/\/edublog.educastur.es\/palabrasalviento\/\">ACERCA &#8230;<\/a><\/span><\/strong><\/p>\n<p>This work is licensed under <a href=\"http:\/\/creativecommons.org\/licenses\/by-nc\/4.0\/?ref=chooser-v1\" target=\"_blank\" rel=\"license noopener noreferrer\">CC BY-NC 4.0<img decoding=\"async\" style=\"height: 22px!important;margin-left: 3px;vertical-align: text-bottom\" src=\"https:\/\/mirrors.creativecommons.org\/presskit\/icons\/cc.svg?ref=chooser-v1\" \/><img decoding=\"async\" style=\"height: 22px!important;margin-left: 3px;vertical-align: text-bottom\" src=\"https:\/\/mirrors.creativecommons.org\/presskit\/icons\/by.svg?ref=chooser-v1\" \/><img decoding=\"async\" style=\"height: 22px!important;margin-left: 3px;vertical-align: text-bottom\" src=\"https:\/\/mirrors.creativecommons.org\/presskit\/icons\/nc.svg?ref=chooser-v1\" \/><\/a><\/p>\n","protected":false},"excerpt":{"rendered":"<p>Bienvenidos y bienvenidas \u00a0a nuestro blog de 4\u00ba de ESO de la asignatura de Lengua Castellana y Literatura. Soy la profesora Ana Cristina, y estoy emocionada de comenzar esta nueva aventura en l\u00ednea con todos vosotros. La comunicaci\u00f3n es imprescindible para el buen desarrollo de cualquier actividad y aqu\u00ed os dejo los diferentes medios de [&hellip;]<\/p>\n","protected":false},"author":669,"featured_media":0,"comment_status":"open","ping_status":"open","sticky":false,"template":"","format":"standard","meta":{"footnotes":""},"categories":[1],"tags":[],"class_list":["post-457","post","type-post","status-publish","format-standard","hentry","category-bienvenida","post-preview"],"_links":{"self":[{"href":"https:\/\/edublog.educastur.es\/palabrasalviento\/wp-json\/wp\/v2\/posts\/457","targetHints":{"allow":["GET"]}}],"collection":[{"href":"https:\/\/edublog.educastur.es\/palabrasalviento\/wp-json\/wp\/v2\/posts"}],"about":[{"href":"https:\/\/edublog.educastur.es\/palabrasalviento\/wp-json\/wp\/v2\/types\/post"}],"author":[{"embeddable":true,"href":"https:\/\/edublog.educastur.es\/palabrasalviento\/wp-json\/wp\/v2\/users\/669"}],"replies":[{"embeddable":true,"href":"https:\/\/edublog.educastur.es\/palabrasalviento\/wp-json\/wp\/v2\/comments?post=457"}],"version-history":[{"count":8,"href":"https:\/\/edublog.educastur.es\/palabrasalviento\/wp-json\/wp\/v2\/posts\/457\/revisions"}],"predecessor-version":[{"id":1409,"href":"https:\/\/edublog.educastur.es\/palabrasalviento\/wp-json\/wp\/v2\/posts\/457\/revisions\/1409"}],"wp:attachment":[{"href":"https:\/\/edublog.educastur.es\/palabrasalviento\/wp-json\/wp\/v2\/media?parent=457"}],"wp:term":[{"taxonomy":"category","embeddable":true,"href":"https:\/\/edublog.educastur.es\/palabrasalviento\/wp-json\/wp\/v2\/categories?post=457"},{"taxonomy":"post_tag","embeddable":true,"href":"https:\/\/edublog.educastur.es\/palabrasalviento\/wp-json\/wp\/v2\/tags?post=457"}],"curies":[{"name":"wp","href":"https:\/\/api.w.org\/{rel}","templated":true}]}}