{"id":25,"date":"2020-04-23T09:18:00","date_gmt":"2020-04-23T09:18:00","guid":{"rendered":""},"modified":"2023-12-03T13:58:11","modified_gmt":"2023-12-03T13:58:11","slug":"canciones-motrices-y-cuentos-motores","status":"publish","type":"post","link":"https:\/\/edublog.educastur.es\/psicomotricidadlasmestas\/canciones-y-cuentos\/canciones-motrices-y-cuentos-motores\/","title":{"rendered":"CANCIONES MOTRICES Y CUENTOS MOTORES"},"content":{"rendered":"<p><b><u>2\u00aa PARTE EXPRESI\u00d3N CORPORAL<\/u>: CANCIONES MOTRICES Y CUENTOS MOTORES<\/b><br \/>\nA trav\u00e9s de la Expresi\u00f3n corporal se ayuda a ni\u00f1os y ni\u00f1as a construir una autonom\u00eda personal y a desarrollar una mayor seguridad en s\u00ed mismos. El alumnado ser\u00e1 capaz de comunicar sus sentimientos y emociones sin utilizar el lenguaje verbal y adem\u00e1s se crea un ambiente en el que prima la socializaci\u00f3n. Por todo ello, se considera muy importante el uso de este tipo de recursos metodol\u00f3gicos, para permitir que el alumnado tome consciencia de su propio cuerpo y aprenda a expresarse con \u00e9l y a observar sus capacidades.<\/p>\n\n<!-- iframe plugin v.6.0 wordpress.org\/plugins\/iframe\/ -->\n<iframe loading=\"lazy\" width=\"100%\" height=\"500px\" src=\"https:\/\/view.genial.ly\/5e9e92d9bc1ba60db2fa084f\/\" scrolling=\"yes\" class=\"iframe-class\" frameborder=\"0\"><\/iframe>\n\n","protected":false},"excerpt":{"rendered":"<p>2\u00aa PARTE EXPRESI\u00d3N CORPORAL: CANCIONES MOTRICES Y CUENTOS MOTORES A trav\u00e9s de la Expresi\u00f3n corporal se ayuda a ni\u00f1os y ni\u00f1as a construir una autonom\u00eda personal y a desarrollar una mayor seguridad en s\u00ed mismos. El alumnado ser\u00e1 capaz de comunicar sus sentimientos y emociones sin utilizar el lenguaje verbal y adem\u00e1s se crea un &hellip; <a href=\"https:\/\/edublog.educastur.es\/psicomotricidadlasmestas\/canciones-y-cuentos\/canciones-motrices-y-cuentos-motores\/\" class=\"more-link\">Contin\u00faa leyendo <span class=\"screen-reader-text\">CANCIONES MOTRICES Y CUENTOS MOTORES<\/span><\/a><\/p>\n","protected":false},"author":1355,"featured_media":0,"comment_status":"open","ping_status":"open","sticky":false,"template":"","format":"standard","meta":{"footnotes":""},"categories":[18],"tags":[13],"class_list":["post-25","post","type-post","status-publish","format-standard","hentry","category-canciones-y-cuentos","tag-2a-parte-expresion-corporal-2020-canciones-y-cuentos-motores"],"_links":{"self":[{"href":"https:\/\/edublog.educastur.es\/psicomotricidadlasmestas\/wp-json\/wp\/v2\/posts\/25","targetHints":{"allow":["GET"]}}],"collection":[{"href":"https:\/\/edublog.educastur.es\/psicomotricidadlasmestas\/wp-json\/wp\/v2\/posts"}],"about":[{"href":"https:\/\/edublog.educastur.es\/psicomotricidadlasmestas\/wp-json\/wp\/v2\/types\/post"}],"author":[{"embeddable":true,"href":"https:\/\/edublog.educastur.es\/psicomotricidadlasmestas\/wp-json\/wp\/v2\/users\/1355"}],"replies":[{"embeddable":true,"href":"https:\/\/edublog.educastur.es\/psicomotricidadlasmestas\/wp-json\/wp\/v2\/comments?post=25"}],"version-history":[{"count":3,"href":"https:\/\/edublog.educastur.es\/psicomotricidadlasmestas\/wp-json\/wp\/v2\/posts\/25\/revisions"}],"predecessor-version":[{"id":126,"href":"https:\/\/edublog.educastur.es\/psicomotricidadlasmestas\/wp-json\/wp\/v2\/posts\/25\/revisions\/126"}],"wp:attachment":[{"href":"https:\/\/edublog.educastur.es\/psicomotricidadlasmestas\/wp-json\/wp\/v2\/media?parent=25"}],"wp:term":[{"taxonomy":"category","embeddable":true,"href":"https:\/\/edublog.educastur.es\/psicomotricidadlasmestas\/wp-json\/wp\/v2\/categories?post=25"},{"taxonomy":"post_tag","embeddable":true,"href":"https:\/\/edublog.educastur.es\/psicomotricidadlasmestas\/wp-json\/wp\/v2\/tags?post=25"}],"curies":[{"name":"wp","href":"https:\/\/api.w.org\/{rel}","templated":true}]}}