{"id":111,"date":"2023-03-22T16:58:39","date_gmt":"2023-03-22T16:58:39","guid":{"rendered":"https:\/\/edublog.educastur.es\/radioelcuco\/?p=111"},"modified":"2023-03-22T16:58:59","modified_gmt":"2023-03-22T16:58:59","slug":"radio-el-cuco-contra-laviolencia-de-genero","status":"publish","type":"post","link":"https:\/\/edublog.educastur.es\/radioelcuco\/2023\/03\/22\/radio-el-cuco-contra-laviolencia-de-genero\/","title":{"rendered":"RADIO EL CUCO  CONTRA LA VIOLENCIA DE G\u00c9NERO"},"content":{"rendered":"<p>Para contribuir a la concienciaci\u00f3n contra la violencia de g\u00e9nero, el <strong>25 de noviembre de 2022<\/strong>\u00a0representantes de <strong>Radio El Cuco<\/strong> del IES Cangas del Narcea participaron en la emisi\u00f3n de un<strong> programa de radio<\/strong> en colaboraci\u00f3n con otros centros escolares, integrantes <strong>de la red RqueR<\/strong>: <a href=\"https:\/\/rquerradio.wixsite.com\/rquerasturies\/single-post\/radio-en-la-calle-25-n\">aqu\u00ed<\/a> podr\u00e1s encontrar m\u00e1s informaci\u00f3n sobre el evento y escuchar el programa completo.<\/p>\n<p>Las intervenciones de nuestro alumnado en dicho programa fueron las siguientes:<\/p>\n<p>Aitor y Luc\u00eda, alumnos de 4\u00ba ESO B: <a href=\"https:\/\/go.ivoox.com\/rf\/104857658\">Lo que esconde \u00abTitanic\u00bb<\/a>:<br \/>\n\n<!-- iframe plugin v.6.0 wordpress.org\/plugins\/iframe\/ -->\n<iframe loading=\"lazy\" frameborder=\"0\" allowfullscreen scrolling=\"no\" height=\"200\" style=\"width:100%;\" src=\"https:\/\/www.ivoox.com\/player_ej_104857658_6_1.html?c1=fc8148\" width=\"100%\" class=\"iframe-class\"><\/iframe>\n<\/p>\n<p>Alumnado de 1\u00ba ESO B y C: <a href=\"https:\/\/go.ivoox.com\/rf\/105040492\">Reflexi\u00f3n sobre micromachismos:<\/a><br \/>\n\n<!-- iframe plugin v.6.0 wordpress.org\/plugins\/iframe\/ -->\n<iframe loading=\"lazy\" frameborder=\"0\" allowfullscreen scrolling=\"no\" height=\"200\" style=\"width:100%;\" src=\"https:\/\/www.ivoox.com\/player_ej_105040492_6_1.html?c1=fc8148\" width=\"100%\" class=\"iframe-class\"><\/iframe>\n<\/p>\n<p><img loading=\"lazy\" decoding=\"async\" class=\"alignnone wp-image-119\" src=\"http:\/\/edublog.educastur.es\/radioelcuco\/files\/2023\/03\/1669394194456-300x225.jpg\" alt=\"\" width=\"251\" height=\"188\" srcset=\"https:\/\/edublog.educastur.es\/radioelcuco\/files\/2023\/03\/1669394194456-300x225.jpg 300w, https:\/\/edublog.educastur.es\/radioelcuco\/files\/2023\/03\/1669394194456-1024x768.jpg 1024w, https:\/\/edublog.educastur.es\/radioelcuco\/files\/2023\/03\/1669394194456-768x576.jpg 768w, https:\/\/edublog.educastur.es\/radioelcuco\/files\/2023\/03\/1669394194456-1536x1152.jpg 1536w, https:\/\/edublog.educastur.es\/radioelcuco\/files\/2023\/03\/1669394194456-2048x1536.jpg 2048w, https:\/\/edublog.educastur.es\/radioelcuco\/files\/2023\/03\/1669394194456-676x507.jpg 676w\" sizes=\"auto, (max-width: 251px) 100vw, 251px\" \/> <img loading=\"lazy\" decoding=\"async\" class=\"alignnone wp-image-120\" src=\"http:\/\/edublog.educastur.es\/radioelcuco\/files\/2023\/03\/IMG-20221125-WA0000-300x169.jpg\" alt=\"\" width=\"330\" height=\"186\" srcset=\"https:\/\/edublog.educastur.es\/radioelcuco\/files\/2023\/03\/IMG-20221125-WA0000-300x169.jpg 300w, https:\/\/edublog.educastur.es\/radioelcuco\/files\/2023\/03\/IMG-20221125-WA0000-1024x576.jpg 1024w, https:\/\/edublog.educastur.es\/radioelcuco\/files\/2023\/03\/IMG-20221125-WA0000-768x432.jpg 768w, https:\/\/edublog.educastur.es\/radioelcuco\/files\/2023\/03\/IMG-20221125-WA0000-1536x864.jpg 1536w, https:\/\/edublog.educastur.es\/radioelcuco\/files\/2023\/03\/IMG-20221125-WA0000-676x380.jpg 676w, https:\/\/edublog.educastur.es\/radioelcuco\/files\/2023\/03\/IMG-20221125-WA0000.jpg 1600w\" sizes=\"auto, (max-width: 330px) 100vw, 330px\" \/><\/p>\n<p>&nbsp;<\/p>\n","protected":false},"excerpt":{"rendered":"<p>Para contribuir a la concienciaci\u00f3n contra la violencia de g\u00e9nero, el 25 de noviembre de 2022\u00a0representantes de Radio El Cuco del IES Cangas del Narcea participaron en la emisi\u00f3n de un programa de radio en colaboraci\u00f3n con otros centros escolares, integrantes de la red RqueR: aqu\u00ed podr\u00e1s encontrar m\u00e1s informaci\u00f3n sobre el evento y escuchar [&hellip;]<\/p>\n","protected":false},"author":1832,"featured_media":0,"comment_status":"open","ping_status":"open","sticky":false,"template":"","format":"standard","meta":{"footnotes":""},"categories":[1],"tags":[],"class_list":["post-111","post","type-post","status-publish","format-standard","hentry","category-sin-categoria","post-preview"],"_links":{"self":[{"href":"https:\/\/edublog.educastur.es\/radioelcuco\/wp-json\/wp\/v2\/posts\/111","targetHints":{"allow":["GET"]}}],"collection":[{"href":"https:\/\/edublog.educastur.es\/radioelcuco\/wp-json\/wp\/v2\/posts"}],"about":[{"href":"https:\/\/edublog.educastur.es\/radioelcuco\/wp-json\/wp\/v2\/types\/post"}],"author":[{"embeddable":true,"href":"https:\/\/edublog.educastur.es\/radioelcuco\/wp-json\/wp\/v2\/users\/1832"}],"replies":[{"embeddable":true,"href":"https:\/\/edublog.educastur.es\/radioelcuco\/wp-json\/wp\/v2\/comments?post=111"}],"version-history":[{"count":9,"href":"https:\/\/edublog.educastur.es\/radioelcuco\/wp-json\/wp\/v2\/posts\/111\/revisions"}],"predecessor-version":[{"id":122,"href":"https:\/\/edublog.educastur.es\/radioelcuco\/wp-json\/wp\/v2\/posts\/111\/revisions\/122"}],"wp:attachment":[{"href":"https:\/\/edublog.educastur.es\/radioelcuco\/wp-json\/wp\/v2\/media?parent=111"}],"wp:term":[{"taxonomy":"category","embeddable":true,"href":"https:\/\/edublog.educastur.es\/radioelcuco\/wp-json\/wp\/v2\/categories?post=111"},{"taxonomy":"post_tag","embeddable":true,"href":"https:\/\/edublog.educastur.es\/radioelcuco\/wp-json\/wp\/v2\/tags?post=111"}],"curies":[{"name":"wp","href":"https:\/\/api.w.org\/{rel}","templated":true}]}}