{"id":123,"date":"2023-03-22T17:09:37","date_gmt":"2023-03-22T17:09:37","guid":{"rendered":"https:\/\/edublog.educastur.es\/radioelcuco\/?p=123"},"modified":"2024-12-16T11:21:53","modified_gmt":"2024-12-16T11:21:53","slug":"dia-mundial-de-la-radio","status":"publish","type":"post","link":"https:\/\/edublog.educastur.es\/radioelcuco\/2023\/03\/22\/dia-mundial-de-la-radio\/","title":{"rendered":"D\u00cdA MUNDIAL DE LA RADIO"},"content":{"rendered":"<p>El <strong>13 de febrero de 2023<\/strong>, con motivo de la celebraci\u00f3n del <strong>D\u00eda Mundial de la Radio<\/strong>, representantes de Radio el Cuco y \u00a0otras radios escolares asturianas que formamos parte de la <strong>red RqueR<\/strong> nos reunimos en el <strong>IES La Fresneda de Lugones<\/strong>. All\u00ed disfrutamos de una jornada de convivencia con escolares de otros centros, participamos en <strong>talleres sobre radio, periodismo, comunicaci\u00f3n, mediaci\u00f3n..<\/strong>. Finalmente, entre todos grabamos un programa de radio. <a href=\"https:\/\/rquerradio.wixsite.com\/rquerasturies\/encuentros\">Aqu\u00ed encontrar\u00e9is toda la informaci\u00f3n<\/a> sobre el evento.<\/p>\n<p>\u00a1Fue un d\u00eda muy emocionante en el que tomamos nota de muchas ideas interesantes para nuestra radio!<\/p>\n<p>Posteriormente grabamos en nuestro centro un podcast que pod\u00e9is escuchar\u00a0<a href=\"https:\/\/go.ivoox.com\/rf\/107131042\" target=\"_blank\" rel=\"noopener\">aqu\u00ed<\/a><\/p>\n<p><img loading=\"lazy\" decoding=\"async\" class=\"alignnone size-medium wp-image-124\" src=\"http:\/\/edublog.educastur.es\/radioelcuco\/files\/2023\/03\/IMG-20230213-WA0004-300x225.jpg\" alt=\"\" width=\"300\" height=\"225\" srcset=\"https:\/\/edublog.educastur.es\/radioelcuco\/files\/2023\/03\/IMG-20230213-WA0004-300x225.jpg 300w, https:\/\/edublog.educastur.es\/radioelcuco\/files\/2023\/03\/IMG-20230213-WA0004-1024x768.jpg 1024w, https:\/\/edublog.educastur.es\/radioelcuco\/files\/2023\/03\/IMG-20230213-WA0004-768x576.jpg 768w, https:\/\/edublog.educastur.es\/radioelcuco\/files\/2023\/03\/IMG-20230213-WA0004-1536x1152.jpg 1536w, https:\/\/edublog.educastur.es\/radioelcuco\/files\/2023\/03\/IMG-20230213-WA0004-676x507.jpg 676w, https:\/\/edublog.educastur.es\/radioelcuco\/files\/2023\/03\/IMG-20230213-WA0004.jpg 1600w\" sizes=\"auto, (max-width: 300px) 100vw, 300px\" \/><img loading=\"lazy\" decoding=\"async\" class=\"alignnone size-medium wp-image-125\" src=\"http:\/\/edublog.educastur.es\/radioelcuco\/files\/2023\/03\/MicrosoftTeams-image-4-300x225.jpg\" alt=\"\" width=\"300\" height=\"225\" srcset=\"https:\/\/edublog.educastur.es\/radioelcuco\/files\/2023\/03\/MicrosoftTeams-image-4-300x225.jpg 300w, https:\/\/edublog.educastur.es\/radioelcuco\/files\/2023\/03\/MicrosoftTeams-image-4-1024x768.jpg 1024w, https:\/\/edublog.educastur.es\/radioelcuco\/files\/2023\/03\/MicrosoftTeams-image-4-768x576.jpg 768w, https:\/\/edublog.educastur.es\/radioelcuco\/files\/2023\/03\/MicrosoftTeams-image-4-1536x1152.jpg 1536w, https:\/\/edublog.educastur.es\/radioelcuco\/files\/2023\/03\/MicrosoftTeams-image-4-676x507.jpg 676w, https:\/\/edublog.educastur.es\/radioelcuco\/files\/2023\/03\/MicrosoftTeams-image-4.jpg 1600w\" sizes=\"auto, (max-width: 300px) 100vw, 300px\" \/> <img loading=\"lazy\" decoding=\"async\" class=\"alignnone size-medium wp-image-126\" src=\"http:\/\/edublog.educastur.es\/radioelcuco\/files\/2023\/03\/MicrosoftTeams-image-3-300x225.jpg\" alt=\"\" width=\"300\" height=\"225\" srcset=\"https:\/\/edublog.educastur.es\/radioelcuco\/files\/2023\/03\/MicrosoftTeams-image-3-300x225.jpg 300w, https:\/\/edublog.educastur.es\/radioelcuco\/files\/2023\/03\/MicrosoftTeams-image-3-1024x768.jpg 1024w, https:\/\/edublog.educastur.es\/radioelcuco\/files\/2023\/03\/MicrosoftTeams-image-3-768x576.jpg 768w, https:\/\/edublog.educastur.es\/radioelcuco\/files\/2023\/03\/MicrosoftTeams-image-3-1536x1152.jpg 1536w, https:\/\/edublog.educastur.es\/radioelcuco\/files\/2023\/03\/MicrosoftTeams-image-3-2048x1536.jpg 2048w, https:\/\/edublog.educastur.es\/radioelcuco\/files\/2023\/03\/MicrosoftTeams-image-3-676x507.jpg 676w\" sizes=\"auto, (max-width: 300px) 100vw, 300px\" \/> <img loading=\"lazy\" decoding=\"async\" class=\"alignnone size-medium wp-image-127\" src=\"http:\/\/edublog.educastur.es\/radioelcuco\/files\/2023\/03\/MicrosoftTeams-image-2-300x225.jpg\" alt=\"\" width=\"300\" height=\"225\" srcset=\"https:\/\/edublog.educastur.es\/radioelcuco\/files\/2023\/03\/MicrosoftTeams-image-2-300x225.jpg 300w, https:\/\/edublog.educastur.es\/radioelcuco\/files\/2023\/03\/MicrosoftTeams-image-2-1024x768.jpg 1024w, https:\/\/edublog.educastur.es\/radioelcuco\/files\/2023\/03\/MicrosoftTeams-image-2-768x576.jpg 768w, https:\/\/edublog.educastur.es\/radioelcuco\/files\/2023\/03\/MicrosoftTeams-image-2-1536x1152.jpg 1536w, https:\/\/edublog.educastur.es\/radioelcuco\/files\/2023\/03\/MicrosoftTeams-image-2-2048x1536.jpg 2048w, https:\/\/edublog.educastur.es\/radioelcuco\/files\/2023\/03\/MicrosoftTeams-image-2-676x507.jpg 676w\" sizes=\"auto, (max-width: 300px) 100vw, 300px\" \/> <img loading=\"lazy\" decoding=\"async\" class=\"alignnone size-medium wp-image-130\" src=\"http:\/\/edublog.educastur.es\/radioelcuco\/files\/2023\/03\/MicrosoftTeams-image-5-300x225.jpg\" alt=\"\" width=\"300\" height=\"225\" \/><img loading=\"lazy\" decoding=\"async\" class=\"alignnone size-medium wp-image-128\" src=\"http:\/\/edublog.educastur.es\/radioelcuco\/files\/2023\/03\/MicrosoftTeams-image-1-300x225.jpg\" alt=\"\" width=\"300\" height=\"225\" \/><\/p>\n","protected":false},"excerpt":{"rendered":"<p>El 13 de febrero de 2023, con motivo de la celebraci\u00f3n del D\u00eda Mundial de la Radio, representantes de Radio el Cuco y \u00a0otras radios escolares asturianas que formamos parte de la red RqueR nos reunimos en el IES La Fresneda de Lugones. All\u00ed disfrutamos de una jornada de convivencia con escolares de otros centros, [&hellip;]<\/p>\n","protected":false},"author":1832,"featured_media":0,"comment_status":"open","ping_status":"open","sticky":false,"template":"","format":"standard","meta":{"footnotes":""},"categories":[1],"tags":[],"class_list":["post-123","post","type-post","status-publish","format-standard","hentry","category-sin-categoria","post-preview"],"_links":{"self":[{"href":"https:\/\/edublog.educastur.es\/radioelcuco\/wp-json\/wp\/v2\/posts\/123","targetHints":{"allow":["GET"]}}],"collection":[{"href":"https:\/\/edublog.educastur.es\/radioelcuco\/wp-json\/wp\/v2\/posts"}],"about":[{"href":"https:\/\/edublog.educastur.es\/radioelcuco\/wp-json\/wp\/v2\/types\/post"}],"author":[{"embeddable":true,"href":"https:\/\/edublog.educastur.es\/radioelcuco\/wp-json\/wp\/v2\/users\/1832"}],"replies":[{"embeddable":true,"href":"https:\/\/edublog.educastur.es\/radioelcuco\/wp-json\/wp\/v2\/comments?post=123"}],"version-history":[{"count":4,"href":"https:\/\/edublog.educastur.es\/radioelcuco\/wp-json\/wp\/v2\/posts\/123\/revisions"}],"predecessor-version":[{"id":135,"href":"https:\/\/edublog.educastur.es\/radioelcuco\/wp-json\/wp\/v2\/posts\/123\/revisions\/135"}],"wp:attachment":[{"href":"https:\/\/edublog.educastur.es\/radioelcuco\/wp-json\/wp\/v2\/media?parent=123"}],"wp:term":[{"taxonomy":"category","embeddable":true,"href":"https:\/\/edublog.educastur.es\/radioelcuco\/wp-json\/wp\/v2\/categories?post=123"},{"taxonomy":"post_tag","embeddable":true,"href":"https:\/\/edublog.educastur.es\/radioelcuco\/wp-json\/wp\/v2\/tags?post=123"}],"curies":[{"name":"wp","href":"https:\/\/api.w.org\/{rel}","templated":true}]}}