{"id":142,"date":"2023-11-22T06:44:38","date_gmt":"2023-11-22T06:44:38","guid":{"rendered":"https:\/\/edublog.educastur.es\/radioelcuco\/?p=142"},"modified":"2023-11-24T17:59:42","modified_gmt":"2023-11-24T17:59:42","slug":"142","status":"publish","type":"post","link":"https:\/\/edublog.educastur.es\/radioelcuco\/2023\/11\/22\/142\/","title":{"rendered":"\u00a1FELIZ D\u00cdA DE LA M\u00daSICA!"},"content":{"rendered":"<p><strong>\u00a1FELIZ D\u00cdA DE SANTA CECILIA, D\u00cdA DE LA M\u00daSICA!<\/strong><\/p>\n<p><span style=\"font-size: 12pt\">Para celebrar el D\u00eda de Santa Cecilia, el alumnado de M\u00fasica de 2\u00ba y 4\u00ba de ESO del IES Cangas del Narcea, en colaboraci\u00f3n con el equipo de Radio el Cuco, os invita a escuchar cu\u00e1nto han aprendido sobre este maravilloso arte.<\/span><\/p>\n<p><img loading=\"lazy\" decoding=\"async\" class=\"alignnone size-medium wp-image-144\" src=\"http:\/\/edublog.educastur.es\/radioelcuco\/files\/2023\/11\/IMG_20231114_125415-300x300.jpg\" alt=\"\" width=\"300\" height=\"300\" srcset=\"https:\/\/edublog.educastur.es\/radioelcuco\/files\/2023\/11\/IMG_20231114_125415-300x300.jpg 300w, https:\/\/edublog.educastur.es\/radioelcuco\/files\/2023\/11\/IMG_20231114_125415-1024x1024.jpg 1024w, https:\/\/edublog.educastur.es\/radioelcuco\/files\/2023\/11\/IMG_20231114_125415-150x150.jpg 150w, https:\/\/edublog.educastur.es\/radioelcuco\/files\/2023\/11\/IMG_20231114_125415-768x768.jpg 768w, https:\/\/edublog.educastur.es\/radioelcuco\/files\/2023\/11\/IMG_20231114_125415-1536x1536.jpg 1536w, https:\/\/edublog.educastur.es\/radioelcuco\/files\/2023\/11\/IMG_20231114_125415-2048x2048.jpg 2048w, https:\/\/edublog.educastur.es\/radioelcuco\/files\/2023\/11\/IMG_20231114_125415-676x676.jpg 676w\" sizes=\"auto, (max-width: 300px) 100vw, 300px\" \/> <img loading=\"lazy\" decoding=\"async\" class=\"alignnone size-medium wp-image-143\" src=\"http:\/\/edublog.educastur.es\/radioelcuco\/files\/2023\/11\/IES-CANGAS-DEL-NARCEA-300x300.jpg\" alt=\"Noa, Aurora y Celso, de 2\u00ba de ESO D\" width=\"300\" height=\"300\" srcset=\"https:\/\/edublog.educastur.es\/radioelcuco\/files\/2023\/11\/IES-CANGAS-DEL-NARCEA-300x300.jpg 300w, https:\/\/edublog.educastur.es\/radioelcuco\/files\/2023\/11\/IES-CANGAS-DEL-NARCEA-1024x1024.jpg 1024w, https:\/\/edublog.educastur.es\/radioelcuco\/files\/2023\/11\/IES-CANGAS-DEL-NARCEA-150x150.jpg 150w, https:\/\/edublog.educastur.es\/radioelcuco\/files\/2023\/11\/IES-CANGAS-DEL-NARCEA-768x768.jpg 768w, https:\/\/edublog.educastur.es\/radioelcuco\/files\/2023\/11\/IES-CANGAS-DEL-NARCEA-1536x1536.jpg 1536w, https:\/\/edublog.educastur.es\/radioelcuco\/files\/2023\/11\/IES-CANGAS-DEL-NARCEA-2048x2048.jpg 2048w, https:\/\/edublog.educastur.es\/radioelcuco\/files\/2023\/11\/IES-CANGAS-DEL-NARCEA-676x676.jpg 676w\" sizes=\"auto, (max-width: 300px) 100vw, 300px\" \/><\/p>\n<p><span style=\"font-size: 12pt\">Podr\u00e9is hacerlo estando muy atentos a las siguientes <strong>emisiones:<\/strong><\/span><\/p>\n<ul>\n<li style=\"list-style-type: none\">\n<ul>\n<li style=\"list-style-type: none\">\n<ul style=\"list-style-type: square\">\n<li><span style=\"font-size: 12pt\">\u00a0programa <a href=\"https:\/\/cadenaser.com\/audio\/1700668393448\/\"><strong>SER Educaci\u00f3n<\/strong><\/a> en <strong>SER AVIL\u00c9S (el mi\u00e9rcoles 22 de noviembre de 2023, al partir del minuto 6)<\/strong><\/span><\/li>\n<li><span style=\"font-size: 12pt\">programa <strong> <a href=\"https:\/\/www.ondacero.es\/emisoras\/asturias\/cangasnarcea\/mas-uno-cangas-narcea-24112023_2023112465609ae31b48c30001235890.html\">M\u00c1S DE UNO<\/a> Cangas del Narcea<\/strong>, en <strong>Onda Cero (el viernes 24 de noviembre, a partir del minuto 50)<\/strong><\/span><\/li>\n<\/ul>\n<\/li>\n<\/ul>\n<\/li>\n<\/ul>\n<p><span style=\"font-size: 12pt\">O tambi\u00e9n\u00a0escuchando este <em>p\u00f3dcast<\/em>:\u00a0 <a href=\"https:\/\/go.ivoox.com\/rf\/119720031\" target=\"_blank\" rel=\"noopener\">EL jazz nunca morir\u00e1. Alumnado de 4\u00ba de ESO<\/a><\/span><\/p>\n","protected":false},"excerpt":{"rendered":"<p>\u00a1FELIZ D\u00cdA DE SANTA CECILIA, D\u00cdA DE LA M\u00daSICA! Para celebrar el D\u00eda de Santa Cecilia, el alumnado de M\u00fasica de 2\u00ba y 4\u00ba de ESO del IES Cangas del Narcea, en colaboraci\u00f3n con el equipo de Radio el Cuco, os invita a escuchar cu\u00e1nto han aprendido sobre este maravilloso arte. Podr\u00e9is hacerlo estando muy [&hellip;]<\/p>\n","protected":false},"author":1832,"featured_media":0,"comment_status":"open","ping_status":"open","sticky":false,"template":"","format":"standard","meta":{"footnotes":""},"categories":[1],"tags":[],"class_list":["post-142","post","type-post","status-publish","format-standard","hentry","category-sin-categoria","post-preview"],"_links":{"self":[{"href":"https:\/\/edublog.educastur.es\/radioelcuco\/wp-json\/wp\/v2\/posts\/142","targetHints":{"allow":["GET"]}}],"collection":[{"href":"https:\/\/edublog.educastur.es\/radioelcuco\/wp-json\/wp\/v2\/posts"}],"about":[{"href":"https:\/\/edublog.educastur.es\/radioelcuco\/wp-json\/wp\/v2\/types\/post"}],"author":[{"embeddable":true,"href":"https:\/\/edublog.educastur.es\/radioelcuco\/wp-json\/wp\/v2\/users\/1832"}],"replies":[{"embeddable":true,"href":"https:\/\/edublog.educastur.es\/radioelcuco\/wp-json\/wp\/v2\/comments?post=142"}],"version-history":[{"count":16,"href":"https:\/\/edublog.educastur.es\/radioelcuco\/wp-json\/wp\/v2\/posts\/142\/revisions"}],"predecessor-version":[{"id":163,"href":"https:\/\/edublog.educastur.es\/radioelcuco\/wp-json\/wp\/v2\/posts\/142\/revisions\/163"}],"wp:attachment":[{"href":"https:\/\/edublog.educastur.es\/radioelcuco\/wp-json\/wp\/v2\/media?parent=142"}],"wp:term":[{"taxonomy":"category","embeddable":true,"href":"https:\/\/edublog.educastur.es\/radioelcuco\/wp-json\/wp\/v2\/categories?post=142"},{"taxonomy":"post_tag","embeddable":true,"href":"https:\/\/edublog.educastur.es\/radioelcuco\/wp-json\/wp\/v2\/tags?post=142"}],"curies":[{"name":"wp","href":"https:\/\/api.w.org\/{rel}","templated":true}]}}