{"id":165,"date":"2023-12-21T17:41:02","date_gmt":"2023-12-21T17:41:02","guid":{"rendered":"https:\/\/edublog.educastur.es\/radioelcuco\/?p=165"},"modified":"2023-12-22T16:22:55","modified_gmt":"2023-12-22T16:22:55","slug":"165","status":"publish","type":"post","link":"https:\/\/edublog.educastur.es\/radioelcuco\/2023\/12\/21\/165\/","title":{"rendered":"Bachiller art\u00edstico, \u00bfpor qu\u00e9 no?"},"content":{"rendered":"<p>Hoy, 21 de diciembre de 2023, representantes de Radio el Cuco han participado en la emisi\u00f3n del programa \u00abM\u00e1s de uno Cangas del Narcea\u00bb de Onda Cero.<\/p>\n<p>Daniel Fern\u00e1ndez, Estela Rodr\u00edguez , Leire Men\u00e9ndez , Selene Garc\u00eda y la profesora Paz Bergu\u00f1o\u00a0 han reflexionado sobre\u00a0 cu\u00e1les son las razones por las que el Bachillerato Art\u00edstico no acaba de establecerse en Cangas del Narcea y, sobre todo, han animado a a matricularse en esta modalidad a todos los que tengan inter\u00e9s en ella.<\/p>\n<p>Desde el equipo de Radio el Cuco queremos agradecer una vez m\u00e1s a Miguel \u00c1ngel P\u00e9rez la oportunidad que brinda a nuestro alumnado de expresar sus inquietudes a trav\u00e9s de las ondas, as\u00ed como de vivir la experiencia de hacer radio en directo.<\/p>\n<p>Puedes escucharlos <a href=\"https:\/\/www.ondacero.es\/emisoras\/asturias\/cangasnarcea\/mas-uno-cangas-narcea-21122023_202312216584314629f3180001a14cb2.html\">aqu\u00ed<\/a> (a partir del minuto 48):<\/p>\n<p><img loading=\"lazy\" decoding=\"async\" class=\"alignnone size-medium wp-image-174\" src=\"http:\/\/edublog.educastur.es\/radioelcuco\/files\/2023\/12\/Radio-El-Cuco_21_12_2023-300x225.jpg\" alt=\"Estela, Paz, Selene, Leire y Daniel en Onda Cero Radio\" width=\"300\" height=\"225\" srcset=\"https:\/\/edublog.educastur.es\/radioelcuco\/files\/2023\/12\/Radio-El-Cuco_21_12_2023-300x225.jpg 300w, https:\/\/edublog.educastur.es\/radioelcuco\/files\/2023\/12\/Radio-El-Cuco_21_12_2023-1024x769.jpg 1024w, https:\/\/edublog.educastur.es\/radioelcuco\/files\/2023\/12\/Radio-El-Cuco_21_12_2023-768x576.jpg 768w, https:\/\/edublog.educastur.es\/radioelcuco\/files\/2023\/12\/Radio-El-Cuco_21_12_2023-1536x1153.jpg 1536w, https:\/\/edublog.educastur.es\/radioelcuco\/files\/2023\/12\/Radio-El-Cuco_21_12_2023-676x507.jpg 676w, https:\/\/edublog.educastur.es\/radioelcuco\/files\/2023\/12\/Radio-El-Cuco_21_12_2023.jpg 2048w\" sizes=\"auto, (max-width: 300px) 100vw, 300px\" \/><\/p>\n<p>&nbsp;<\/p>\n<p>&nbsp;<\/p>\n","protected":false},"excerpt":{"rendered":"<p>Hoy, 21 de diciembre de 2023, representantes de Radio el Cuco han participado en la emisi\u00f3n del programa \u00abM\u00e1s de uno Cangas del Narcea\u00bb de Onda Cero. Daniel Fern\u00e1ndez, Estela Rodr\u00edguez , Leire Men\u00e9ndez , Selene Garc\u00eda y la profesora Paz Bergu\u00f1o\u00a0 han reflexionado sobre\u00a0 cu\u00e1les son las razones por las que el Bachillerato Art\u00edstico [&hellip;]<\/p>\n","protected":false},"author":1832,"featured_media":0,"comment_status":"open","ping_status":"open","sticky":false,"template":"","format":"standard","meta":{"footnotes":""},"categories":[1],"tags":[],"class_list":["post-165","post","type-post","status-publish","format-standard","hentry","category-sin-categoria","post-preview"],"_links":{"self":[{"href":"https:\/\/edublog.educastur.es\/radioelcuco\/wp-json\/wp\/v2\/posts\/165","targetHints":{"allow":["GET"]}}],"collection":[{"href":"https:\/\/edublog.educastur.es\/radioelcuco\/wp-json\/wp\/v2\/posts"}],"about":[{"href":"https:\/\/edublog.educastur.es\/radioelcuco\/wp-json\/wp\/v2\/types\/post"}],"author":[{"embeddable":true,"href":"https:\/\/edublog.educastur.es\/radioelcuco\/wp-json\/wp\/v2\/users\/1832"}],"replies":[{"embeddable":true,"href":"https:\/\/edublog.educastur.es\/radioelcuco\/wp-json\/wp\/v2\/comments?post=165"}],"version-history":[{"count":11,"href":"https:\/\/edublog.educastur.es\/radioelcuco\/wp-json\/wp\/v2\/posts\/165\/revisions"}],"predecessor-version":[{"id":177,"href":"https:\/\/edublog.educastur.es\/radioelcuco\/wp-json\/wp\/v2\/posts\/165\/revisions\/177"}],"wp:attachment":[{"href":"https:\/\/edublog.educastur.es\/radioelcuco\/wp-json\/wp\/v2\/media?parent=165"}],"wp:term":[{"taxonomy":"category","embeddable":true,"href":"https:\/\/edublog.educastur.es\/radioelcuco\/wp-json\/wp\/v2\/categories?post=165"},{"taxonomy":"post_tag","embeddable":true,"href":"https:\/\/edublog.educastur.es\/radioelcuco\/wp-json\/wp\/v2\/tags?post=165"}],"curies":[{"name":"wp","href":"https:\/\/api.w.org\/{rel}","templated":true}]}}