{"id":179,"date":"2024-02-10T19:31:17","date_gmt":"2024-02-10T19:31:17","guid":{"rendered":"https:\/\/edublog.educastur.es\/radioelcuco\/?p=179"},"modified":"2024-02-10T19:37:10","modified_gmt":"2024-02-10T19:37:10","slug":"encuentro-de-radios-escolares-en-el-ies-cangas-del-narcea","status":"publish","type":"post","link":"https:\/\/edublog.educastur.es\/radioelcuco\/2024\/02\/10\/encuentro-de-radios-escolares-en-el-ies-cangas-del-narcea\/","title":{"rendered":"ENCUENTRO DE RADIOS ESCOLARES EN EL IES CANGAS DEL NARCEA"},"content":{"rendered":"<p><span class=\"ui-provider a b c d e f g h i j k l m n o p q r s t u v w x y z ab ac ae af ag ah ai aj ak\" dir=\"ltr\"><img loading=\"lazy\" decoding=\"async\" class=\"size-medium wp-image-180 alignleft\" src=\"http:\/\/edublog.educastur.es\/radioelcuco\/files\/2024\/02\/cartel-encuentro-2024-212x300.jpg\" alt=\"\" width=\"212\" height=\"300\" srcset=\"https:\/\/edublog.educastur.es\/radioelcuco\/files\/2024\/02\/cartel-encuentro-2024-212x300.jpg 212w, https:\/\/edublog.educastur.es\/radioelcuco\/files\/2024\/02\/cartel-encuentro-2024-676x956.jpg 676w, https:\/\/edublog.educastur.es\/radioelcuco\/files\/2024\/02\/cartel-encuentro-2024.jpg 724w\" sizes=\"auto, (max-width: 212px) 100vw, 212px\" \/>Este a\u00f1o el I<strong>ES Cangas del Narcea<\/strong> tiene el honor de acoger el <strong>Encuentro de Radios Escolares de Asturias<\/strong>, para conmemorar, como cada mes de febrero, el D\u00eda Mundial de la Radio.\u00a0<\/span><\/p>\n<p>La radio, que tiene sus or\u00edgenes en el siglo XIX, sigue siendo hoy, a pesar de las muchas plataformas de comunicaci\u00f3n que surgen al amparo de la innovaci\u00f3n tecnol\u00f3gica, uno de los medios de comunicaci\u00f3n m\u00e1s confiables y ampliamente utilizados en el mundo, por lo que su futuro sigue muy vivo. De ah\u00ed el lema de este a\u00f1o 2024: \u201c<strong>La Radio: un siglo informando, entreteniendo y educando\u201d.<\/strong><\/p>\n<p>Como en a\u00f1os anteriores, <strong>las radios educativas de los centros escolares de Asturias<\/strong>, nos reuniremos para conmemorar este d\u00eda realizando un <strong>programa de radio en directo<\/strong> con la colaboraci\u00f3n de Onda Cero, <strong>el jueves 15 de febrero de 2024, en el IES Cangas del Narcea, de doce de la ma\u00f1ana a una y media de la tarde.<\/strong><\/p>\n<p>Adem\u00e1s, varios profesionales de la comunicaci\u00f3n audiovisual compartir\u00e1n con profesorado y alumnado su experiencia y conocimiento en diversos <strong>talleres formativos. <\/strong>Agradecemos enormemente a todos ellos su colaboraci\u00f3n desinteresada en este proyecto educativo tan apasionante. Consulta\u00a0\u00a0<a href=\"http:\/\/edublog.educastur.es\/radioelcuco\/files\/2024\/02\/programa_triptico.pdf\" target=\"_blank\" rel=\"noopener\">aqu\u00ed<\/a> el programa.<\/p>\n<p>Podr\u00e1s escuchar o ver c\u00f3mo se hace el programa en directo \u00a0s<strong>intonizando Onda Cero Cangas del Narcea<\/strong> o pinchando en:<\/p>\n<ul>\n<li><a href=\"https:\/\/www.ondacero.es\/emisoras\/asturias\/cangasnarcea\/\" target=\"_blank\" rel=\"noopener\">Programa de radio en directo<\/a> (Onda Cero Cangas del Narcea)<\/li>\n<li><a href=\"http:\/\/www.radionarceatv.es\/\" target=\"_blank\" rel=\"noopener\">Programa de radio en directo<\/a>\u00a0(Radio Narcea TV)<\/li>\n<\/ul>\n<p><img loading=\"lazy\" decoding=\"async\" class=\"size-medium wp-image-181 aligncenter\" src=\"http:\/\/edublog.educastur.es\/radioelcuco\/files\/2024\/02\/programa-212x300.png\" alt=\"\" width=\"212\" height=\"300\" srcset=\"https:\/\/edublog.educastur.es\/radioelcuco\/files\/2024\/02\/programa-212x300.png 212w, https:\/\/edublog.educastur.es\/radioelcuco\/files\/2024\/02\/programa-724x1024.png 724w, https:\/\/edublog.educastur.es\/radioelcuco\/files\/2024\/02\/programa-768x1086.png 768w, https:\/\/edublog.educastur.es\/radioelcuco\/files\/2024\/02\/programa-1086x1536.png 1086w, https:\/\/edublog.educastur.es\/radioelcuco\/files\/2024\/02\/programa-676x956.png 676w, https:\/\/edublog.educastur.es\/radioelcuco\/files\/2024\/02\/programa.png 1414w\" sizes=\"auto, (max-width: 212px) 100vw, 212px\" \/><\/p>\n","protected":false},"excerpt":{"rendered":"<p>Este a\u00f1o el IES Cangas del Narcea tiene el honor de acoger el Encuentro de Radios Escolares de Asturias, para conmemorar, como cada mes de febrero, el D\u00eda Mundial de la Radio.\u00a0 La radio, que tiene sus or\u00edgenes en el siglo XIX, sigue siendo hoy, a pesar de las muchas plataformas de comunicaci\u00f3n que surgen [&hellip;]<\/p>\n","protected":false},"author":1832,"featured_media":0,"comment_status":"open","ping_status":"open","sticky":false,"template":"","format":"standard","meta":{"footnotes":""},"categories":[1],"tags":[],"class_list":["post-179","post","type-post","status-publish","format-standard","hentry","category-sin-categoria","post-preview"],"_links":{"self":[{"href":"https:\/\/edublog.educastur.es\/radioelcuco\/wp-json\/wp\/v2\/posts\/179","targetHints":{"allow":["GET"]}}],"collection":[{"href":"https:\/\/edublog.educastur.es\/radioelcuco\/wp-json\/wp\/v2\/posts"}],"about":[{"href":"https:\/\/edublog.educastur.es\/radioelcuco\/wp-json\/wp\/v2\/types\/post"}],"author":[{"embeddable":true,"href":"https:\/\/edublog.educastur.es\/radioelcuco\/wp-json\/wp\/v2\/users\/1832"}],"replies":[{"embeddable":true,"href":"https:\/\/edublog.educastur.es\/radioelcuco\/wp-json\/wp\/v2\/comments?post=179"}],"version-history":[{"count":5,"href":"https:\/\/edublog.educastur.es\/radioelcuco\/wp-json\/wp\/v2\/posts\/179\/revisions"}],"predecessor-version":[{"id":186,"href":"https:\/\/edublog.educastur.es\/radioelcuco\/wp-json\/wp\/v2\/posts\/179\/revisions\/186"}],"wp:attachment":[{"href":"https:\/\/edublog.educastur.es\/radioelcuco\/wp-json\/wp\/v2\/media?parent=179"}],"wp:term":[{"taxonomy":"category","embeddable":true,"href":"https:\/\/edublog.educastur.es\/radioelcuco\/wp-json\/wp\/v2\/categories?post=179"},{"taxonomy":"post_tag","embeddable":true,"href":"https:\/\/edublog.educastur.es\/radioelcuco\/wp-json\/wp\/v2\/tags?post=179"}],"curies":[{"name":"wp","href":"https:\/\/api.w.org\/{rel}","templated":true}]}}