{"id":193,"date":"2024-02-27T18:49:33","date_gmt":"2024-02-27T18:49:33","guid":{"rendered":"https:\/\/edublog.educastur.es\/radioelcuco\/?p=193"},"modified":"2024-02-27T20:04:17","modified_gmt":"2024-02-27T20:04:17","slug":"la-radio-un-siglo-informando-entreteniendo-y-educando-en-el-ies-cangas-del-narcea","status":"publish","type":"post","link":"https:\/\/edublog.educastur.es\/radioelcuco\/2024\/02\/27\/la-radio-un-siglo-informando-entreteniendo-y-educando-en-el-ies-cangas-del-narcea\/","title":{"rendered":"\u201cLa Radio: un siglo informando, entreteniendo y educando\u201d en el IES Cangas del Narcea."},"content":{"rendered":"<p>Este fue el lema del D\u00eda Mundial de la Radio 2024 y es precisamente lo que hemos vivido el pasado 15 de febrero en nuestro IES: informaci\u00f3n, entretenimiento, aprendizaje\u2026<\/p>\n<p>Efectivamente, algunas de las radios escolares integrantes de la red RqueR realizamos de manera conjunta <span style=\"text-align: center;background-color: initial\">un <\/span><a style=\"text-align: center;background-color: initial\" href=\"https:\/\/www.ondacero.es\/emisoras\/asturias\/cangasnarcea\/mas-uno-cangas-narcea-15022024-especial-rquer_2024021565ce4fa682085c00017fddc3.html\">programa<\/a><span style=\"text-align: center;background-color: initial\"> emitido en directo en \u201cCangas en la Onda\u201d, de Onda Cero, gracias a la colaboraci\u00f3n de Miguel \u00c1ngel P\u00e9rez, programa que tambi\u00e9n fue<\/span><a style=\"text-align: center;background-color: initial\" href=\"https:\/\/www.youtube.com\/watch?v=J58iLGOAQhY\"> retransmitido<\/a><span style=\"text-align: center;background-color: initial\"> en directo por Radio Narcea TV.<\/span><\/p>\n<div class=\"mceTemp\"><\/div>\n<div id=\"attachment_206\" style=\"width: 369px\" class=\"wp-caption aligncenter\"><img loading=\"lazy\" decoding=\"async\" aria-describedby=\"caption-attachment-206\" class=\"wp-image-206 \" src=\"http:\/\/edublog.educastur.es\/radioelcuco\/files\/2024\/02\/radio-el-cuco-1-300x169.jpg\" alt=\"\" width=\"359\" height=\"202\" srcset=\"https:\/\/edublog.educastur.es\/radioelcuco\/files\/2024\/02\/radio-el-cuco-1-300x169.jpg 300w, https:\/\/edublog.educastur.es\/radioelcuco\/files\/2024\/02\/radio-el-cuco-1-1024x576.jpg 1024w, https:\/\/edublog.educastur.es\/radioelcuco\/files\/2024\/02\/radio-el-cuco-1-768x432.jpg 768w, https:\/\/edublog.educastur.es\/radioelcuco\/files\/2024\/02\/radio-el-cuco-1-1536x864.jpg 1536w, https:\/\/edublog.educastur.es\/radioelcuco\/files\/2024\/02\/radio-el-cuco-1-676x380.jpg 676w, https:\/\/edublog.educastur.es\/radioelcuco\/files\/2024\/02\/radio-el-cuco-1.jpg 2000w\" sizes=\"auto, (max-width: 359px) 100vw, 359px\" \/><p id=\"caption-attachment-206\" class=\"wp-caption-text\">Uno de los momentos m\u00e1s emotivos de la jornada: alumnado de Radio el Cuco entrevistando en directo a sus abuelas, Maxi y Pili.<\/p><\/div>\n<p>El director general de Inclusi\u00f3n Educativa y Ordenaci\u00f3n, David Artime, estuvo presente\u00a0 y pudo cambiar impresiones con los integrantes de RqueR acerca de los diversos proyectos que la red desarrolla.<\/p>\n<p>Previamente, se celebraron cinco talleres formativos de gran inter\u00e9s:<\/p>\n<ul>\n<li>\u201cEstar en la Onda\u201d, por Miguel \u00c1ngel P\u00e9rez (locutor de Onda Cero Radio)<\/li>\n<li>\u201cPreguntones por naturaleza\u201d, por Bel\u00e9n Garc\u00eda (periodista, actualmente colaboradora de RTPA)<\/li>\n<li>\u201cGrabaci\u00f3n de sonido en directo\u201d, por Benito Sierra (productor y creador audiovisual)<\/li>\n<li>\u201cAs\u00ed se hace SER Educaci\u00f3n\u201d, por Lorena Fern\u00e1ndez (SER Educaci\u00f3n)<\/li>\n<li>\u201cIdentificando mentiras en la Red\u201d, por Jonathan \u00c1lvarez D\u00edaz, graduado en Periodismo y Humanidades.<\/li>\n<\/ul>\n<p>Reiteramos nuestro agradecimiento a todos ellos, por su colaboraci\u00f3n desinteresada, as\u00ed como al alumnado y profesorado de los centros educativos que se desplazaron hasta nuestro centro (C.P San F\u00e9lix, C.P. El Quirinal, C.P. El Vall\u00edn, IES Doctor Fleming, IES La Er\u00eda, IES La Fresneda, IES P\u00e9rez De Ayala) adem\u00e1s de al C. P. Cabue\u00f1es y al IES Avelina Cerra, cuyos equipos de radio colaboraron en la realizaci\u00f3n del programa con material pregrabado.<\/p>\n\n\t\t<style type=\"text\/css\">\n\t\t\t#gallery-1 {\n\t\t\t\tmargin: auto;\n\t\t\t}\n\t\t\t#gallery-1 .gallery-item {\n\t\t\t\tfloat: left;\n\t\t\t\tmargin-top: 10px;\n\t\t\t\ttext-align: center;\n\t\t\t\twidth: 33%;\n\t\t\t}\n\t\t\t#gallery-1 img {\n\t\t\t\tborder: 2px solid #cfcfcf;\n\t\t\t}\n\t\t\t#gallery-1 .gallery-caption {\n\t\t\t\tmargin-left: 0;\n\t\t\t}\n\t\t\t\/* see gallery_shortcode() in wp-includes\/media.php *\/\n\t\t<\/style>\n\t\t<div id='gallery-1' class='gallery galleryid-193 gallery-columns-3 gallery-size-thumbnail'><dl class='gallery-item'>\n\t\t\t<dt class='gallery-icon portrait'>\n\t\t\t\t<a href='https:\/\/edublog.educastur.es\/radioelcuco\/2024\/02\/10\/encuentro-de-radios-escolares-en-el-ies-cangas-del-narcea\/cartel-encuentro-2024\/'><img loading=\"lazy\" decoding=\"async\" width=\"150\" height=\"150\" src=\"https:\/\/edublog.educastur.es\/radioelcuco\/files\/2024\/02\/cartel-encuentro-2024-150x150.jpg\" class=\"attachment-thumbnail size-thumbnail\" alt=\"\" \/><\/a>\n\t\t\t<\/dt><\/dl><dl class='gallery-item'>\n\t\t\t<dt class='gallery-icon landscape'>\n\t\t\t\t<a href='https:\/\/edublog.educastur.es\/radioelcuco\/2024\/02\/27\/la-radio-un-siglo-informando-entreteniendo-y-educando-en-el-ies-cangas-del-narcea\/encuentros-6\/'><img loading=\"lazy\" decoding=\"async\" width=\"150\" height=\"150\" src=\"https:\/\/edublog.educastur.es\/radioelcuco\/files\/2024\/02\/Encuentros-6-150x150.jpg\" class=\"attachment-thumbnail size-thumbnail\" alt=\"\" \/><\/a>\n\t\t\t<\/dt><\/dl><dl class='gallery-item'>\n\t\t\t<dt class='gallery-icon landscape'>\n\t\t\t\t<a href='https:\/\/edublog.educastur.es\/radioelcuco\/2024\/02\/27\/la-radio-un-siglo-informando-entreteniendo-y-educando-en-el-ies-cangas-del-narcea\/taller-estar-en-la-onda\/'><img loading=\"lazy\" decoding=\"async\" width=\"150\" height=\"150\" src=\"https:\/\/edublog.educastur.es\/radioelcuco\/files\/2024\/02\/Taller-estar-en-la-onda-150x150.jpg\" class=\"attachment-thumbnail size-thumbnail\" alt=\"\" \/><\/a>\n\t\t\t<\/dt><\/dl><br style=\"clear: both\" \/><dl class='gallery-item'>\n\t\t\t<dt class='gallery-icon landscape'>\n\t\t\t\t<a href='https:\/\/edublog.educastur.es\/radioelcuco\/2024\/02\/27\/la-radio-un-siglo-informando-entreteniendo-y-educando-en-el-ies-cangas-del-narcea\/img-20240215-wa0010\/'><img loading=\"lazy\" decoding=\"async\" width=\"150\" height=\"150\" src=\"https:\/\/edublog.educastur.es\/radioelcuco\/files\/2024\/02\/IMG-20240215-WA0010-150x150.jpg\" class=\"attachment-thumbnail size-thumbnail\" alt=\"\" \/><\/a>\n\t\t\t<\/dt><\/dl><dl class='gallery-item'>\n\t\t\t<dt class='gallery-icon portrait'>\n\t\t\t\t<a href='https:\/\/edublog.educastur.es\/radioelcuco\/2024\/02\/27\/la-radio-un-siglo-informando-entreteniendo-y-educando-en-el-ies-cangas-del-narcea\/taller-jonathan\/'><img loading=\"lazy\" decoding=\"async\" width=\"150\" height=\"150\" src=\"https:\/\/edublog.educastur.es\/radioelcuco\/files\/2024\/02\/taller-Jonathan-150x150.jpg\" class=\"attachment-thumbnail size-thumbnail\" alt=\"\" \/><\/a>\n\t\t\t<\/dt><\/dl><dl class='gallery-item'>\n\t\t\t<dt class='gallery-icon landscape'>\n\t\t\t\t<a href='https:\/\/edublog.educastur.es\/radioelcuco\/2024\/02\/27\/la-radio-un-siglo-informando-entreteniendo-y-educando-en-el-ies-cangas-del-narcea\/taller-preguntones\/'><img loading=\"lazy\" decoding=\"async\" width=\"150\" height=\"150\" src=\"https:\/\/edublog.educastur.es\/radioelcuco\/files\/2024\/02\/Taller-preguntones-150x150.jpg\" class=\"attachment-thumbnail size-thumbnail\" alt=\"\" \/><\/a>\n\t\t\t<\/dt><\/dl><br style=\"clear: both\" \/><dl class='gallery-item'>\n\t\t\t<dt class='gallery-icon portrait'>\n\t\t\t\t<a href='https:\/\/edublog.educastur.es\/radioelcuco\/2024\/02\/27\/la-radio-un-siglo-informando-entreteniendo-y-educando-en-el-ies-cangas-del-narcea\/img-20240215-wa0017\/'><img loading=\"lazy\" decoding=\"async\" width=\"150\" height=\"150\" src=\"https:\/\/edublog.educastur.es\/radioelcuco\/files\/2024\/02\/IMG-20240215-WA0017-150x150.jpg\" class=\"attachment-thumbnail size-thumbnail\" alt=\"\" \/><\/a>\n\t\t\t<\/dt><\/dl>\n\t\t\t<br style='clear: both' \/>\n\t\t<\/div>\n\n","protected":false},"excerpt":{"rendered":"<p>Este fue el lema del D\u00eda Mundial de la Radio 2024 y es precisamente lo que hemos vivido el pasado 15 de febrero en nuestro IES: informaci\u00f3n, entretenimiento, aprendizaje\u2026 Efectivamente, algunas de las radios escolares integrantes de la red RqueR realizamos de manera conjunta un programa emitido en directo en \u201cCangas en la Onda\u201d, de [&hellip;]<\/p>\n","protected":false},"author":1832,"featured_media":0,"comment_status":"open","ping_status":"open","sticky":false,"template":"","format":"standard","meta":{"footnotes":""},"categories":[1],"tags":[],"class_list":["post-193","post","type-post","status-publish","format-standard","hentry","category-sin-categoria","post-preview"],"_links":{"self":[{"href":"https:\/\/edublog.educastur.es\/radioelcuco\/wp-json\/wp\/v2\/posts\/193","targetHints":{"allow":["GET"]}}],"collection":[{"href":"https:\/\/edublog.educastur.es\/radioelcuco\/wp-json\/wp\/v2\/posts"}],"about":[{"href":"https:\/\/edublog.educastur.es\/radioelcuco\/wp-json\/wp\/v2\/types\/post"}],"author":[{"embeddable":true,"href":"https:\/\/edublog.educastur.es\/radioelcuco\/wp-json\/wp\/v2\/users\/1832"}],"replies":[{"embeddable":true,"href":"https:\/\/edublog.educastur.es\/radioelcuco\/wp-json\/wp\/v2\/comments?post=193"}],"version-history":[{"count":8,"href":"https:\/\/edublog.educastur.es\/radioelcuco\/wp-json\/wp\/v2\/posts\/193\/revisions"}],"predecessor-version":[{"id":212,"href":"https:\/\/edublog.educastur.es\/radioelcuco\/wp-json\/wp\/v2\/posts\/193\/revisions\/212"}],"wp:attachment":[{"href":"https:\/\/edublog.educastur.es\/radioelcuco\/wp-json\/wp\/v2\/media?parent=193"}],"wp:term":[{"taxonomy":"category","embeddable":true,"href":"https:\/\/edublog.educastur.es\/radioelcuco\/wp-json\/wp\/v2\/categories?post=193"},{"taxonomy":"post_tag","embeddable":true,"href":"https:\/\/edublog.educastur.es\/radioelcuco\/wp-json\/wp\/v2\/tags?post=193"}],"curies":[{"name":"wp","href":"https:\/\/api.w.org\/{rel}","templated":true}]}}