{"id":221,"date":"2024-06-05T18:43:32","date_gmt":"2024-06-05T18:43:32","guid":{"rendered":"https:\/\/edublog.educastur.es\/radioelcuco\/?p=221"},"modified":"2024-06-05T18:43:32","modified_gmt":"2024-06-05T18:43:32","slug":"es-para-tanto-el-instituto","status":"publish","type":"post","link":"https:\/\/edublog.educastur.es\/radioelcuco\/2024\/06\/05\/es-para-tanto-el-instituto\/","title":{"rendered":"\u00bfEs para tanto el Instituto?"},"content":{"rendered":"<p>El equipo de Radio el Cuco ha elaborado este p\u00f3dcast pensando en el alumnado de Sexto de Primaria que pronto se incorporar\u00e1 al Instituto.<\/p>\n<p>Sabemos que son muchos los \u00abmitos y leyendas\u00bb que suelen llegar a o\u00eddos de los m\u00e1s j\u00f3venes. Pero&#8230; \u00bfde verdad es tan complicado el cambio?<\/p>\n<p>Escucha las opiniones, reflexiones, recuerdos y consejos de Jos\u00e9 Manuel Fern\u00e1ndez y Mar\u00eda Garc\u00eda, de Primero de ESO, Anthony L\u00f3pez, de Tercero, Marc Cuervo y\u00a0 Estela Rodr\u00edguez, de Cuarto y de Daniel Fern\u00e1ndez, de Primero de Bachillerato, recogidas en una tertulia moderada por la profesora Paz Bergu\u00f1o.<\/p>\n<p>Y recuerda&#8230; \u00a1os esperamos en el IES!<br \/>\n\n<!-- iframe plugin v.6.0 wordpress.org\/plugins\/iframe\/ -->\n<iframe loading=\"lazy\" src=\"https:\/\/www.ivoox.com\/player_ej_129940157_6_1.html?c1=ec7915\" width=\"auto\" height=\"200\" sandbox=\"allow-scripts allow-popups allow-popups-to-escape-sandbox allow-same-origin\" layout=\"fixed-height\" frameborder=\"0\" 0=\"scrolling=&quot;no&quot;&gt;&lt;\/amp-iframe\" scrolling=\"yes\" class=\"iframe-class\"><\/iframe>\n<\/p>\n","protected":false},"excerpt":{"rendered":"<p>El equipo de Radio el Cuco ha elaborado este p\u00f3dcast pensando en el alumnado de Sexto de Primaria que pronto se incorporar\u00e1 al Instituto. Sabemos que son muchos los \u00abmitos y leyendas\u00bb que suelen llegar a o\u00eddos de los m\u00e1s j\u00f3venes. Pero&#8230; \u00bfde verdad es tan complicado el cambio? Escucha las opiniones, reflexiones, recuerdos y [&hellip;]<\/p>\n","protected":false},"author":1832,"featured_media":0,"comment_status":"open","ping_status":"open","sticky":false,"template":"","format":"standard","meta":{"footnotes":""},"categories":[1],"tags":[],"class_list":["post-221","post","type-post","status-publish","format-standard","hentry","category-sin-categoria","post-preview"],"_links":{"self":[{"href":"https:\/\/edublog.educastur.es\/radioelcuco\/wp-json\/wp\/v2\/posts\/221","targetHints":{"allow":["GET"]}}],"collection":[{"href":"https:\/\/edublog.educastur.es\/radioelcuco\/wp-json\/wp\/v2\/posts"}],"about":[{"href":"https:\/\/edublog.educastur.es\/radioelcuco\/wp-json\/wp\/v2\/types\/post"}],"author":[{"embeddable":true,"href":"https:\/\/edublog.educastur.es\/radioelcuco\/wp-json\/wp\/v2\/users\/1832"}],"replies":[{"embeddable":true,"href":"https:\/\/edublog.educastur.es\/radioelcuco\/wp-json\/wp\/v2\/comments?post=221"}],"version-history":[{"count":6,"href":"https:\/\/edublog.educastur.es\/radioelcuco\/wp-json\/wp\/v2\/posts\/221\/revisions"}],"predecessor-version":[{"id":227,"href":"https:\/\/edublog.educastur.es\/radioelcuco\/wp-json\/wp\/v2\/posts\/221\/revisions\/227"}],"wp:attachment":[{"href":"https:\/\/edublog.educastur.es\/radioelcuco\/wp-json\/wp\/v2\/media?parent=221"}],"wp:term":[{"taxonomy":"category","embeddable":true,"href":"https:\/\/edublog.educastur.es\/radioelcuco\/wp-json\/wp\/v2\/categories?post=221"},{"taxonomy":"post_tag","embeddable":true,"href":"https:\/\/edublog.educastur.es\/radioelcuco\/wp-json\/wp\/v2\/tags?post=221"}],"curies":[{"name":"wp","href":"https:\/\/api.w.org\/{rel}","templated":true}]}}