{"id":244,"date":"2024-06-26T20:28:05","date_gmt":"2024-06-26T20:28:05","guid":{"rendered":"https:\/\/edublog.educastur.es\/radioelcuco\/?p=244"},"modified":"2024-06-27T07:23:55","modified_gmt":"2024-06-27T07:23:55","slug":"quijotada-en-la-rpa","status":"publish","type":"post","link":"https:\/\/edublog.educastur.es\/radioelcuco\/2024\/06\/26\/quijotada-en-la-rpa\/","title":{"rendered":"QUIJOTADA EN LA RPA"},"content":{"rendered":"<p><strong>LECTURA DE <\/strong><i><strong><u>EL QUIJOTE<\/u><\/strong><\/i><strong> EN RPA<\/strong><\/p>\n<p>Radio El Cuco ha participado junto con otras radios escolares de Asturias en una lectura colaborativa de <i><u>El Quijote<\/u><\/i> que se ha ido emitiendo en el programa de RPA \u201cLa radio es m\u00eda\u201d Han colaborado en la actividad alumnos de 1\u00ba y 2\u00ba de ESO, concretamente: Mar\u00eda Fern\u00e1ndez Tato, Constantino Men\u00e9ndez, Aurora Garc\u00eda Mesa, Carmelo L\u00f3pez, Alan Mart\u00ednez, Alberto Garc\u00eda, Gin\u00e9s Collar, Farah Fatima Mellouk, \u00c1ngela Mart\u00ednez y Mateo Lanchares.<\/p>\n<p>Pod\u00e9is escuchar sus intervenciones en los enlaces siguientes:<\/p>\n<p><a href=\"https:\/\/educastur-my.sharepoint.com\/:v:\/g\/personal\/elenabf_educastur_org\/ERa0A8KWoeVJgt9mu4LQZvEBLE66MicydT5WVEhWl7Vl2w?nav=eyJyZWZlcnJhbEluZm8iOnsicmVmZXJyYWxBcHAiOiJPbmVEcml2ZUZvckJ1c2luZXNzIiwicmVmZXJyYWxBcHBQbGF0Zm9ybSI6IldlYiIsInJlZmVycmFsTW9kZSI6InZpZXciLCJyZWZlcnJhbFZpZXciOiJNeUZpbGVzTGlua0NvcHkifX0&amp;e=9njEqy\" target=\"_blank\" rel=\"noopener\">Jueves 13 de junio<\/a><\/p>\n<p><img loading=\"lazy\" decoding=\"async\" class=\"wp-image-250 alignright\" src=\"http:\/\/edublog.educastur.es\/radioelcuco\/files\/2024\/06\/don-quixote-6314401_1280-1-277x300.png\" alt=\"\" width=\"170\" height=\"184\" srcset=\"https:\/\/edublog.educastur.es\/radioelcuco\/files\/2024\/06\/don-quixote-6314401_1280-1-277x300.png 277w, https:\/\/edublog.educastur.es\/radioelcuco\/files\/2024\/06\/don-quixote-6314401_1280-1-945x1024.png 945w, https:\/\/edublog.educastur.es\/radioelcuco\/files\/2024\/06\/don-quixote-6314401_1280-1-768x832.png 768w, https:\/\/edublog.educastur.es\/radioelcuco\/files\/2024\/06\/don-quixote-6314401_1280-1-676x733.png 676w, https:\/\/edublog.educastur.es\/radioelcuco\/files\/2024\/06\/don-quixote-6314401_1280-1.png 1181w\" sizes=\"auto, (max-width: 170px) 100vw, 170px\" \/><\/p>\n<p><a href=\"https:\/\/educastur-my.sharepoint.com\/:v:\/g\/personal\/elenabf_educastur_org\/ET7yHcgo42NBlQ-6rl_0XBwBbrf2Gc5jz7_PbpZUIx0cZw?nav=eyJyZWZlcnJhbEluZm8iOnsicmVmZXJyYWxBcHAiOiJPbmVEcml2ZUZvckJ1c2luZXNzIiwicmVmZXJyYWxBcHBQbGF0Zm9ybSI6IldlYiIsInJlZmVycmFsTW9kZSI6InZpZXciLCJyZWZlcnJhbFZpZXciOiJNeUZpbGVzTGlua0NvcHkifX0&amp;e=PdQ029\">Viernes 14 de junio<\/a><\/p>\n","protected":false},"excerpt":{"rendered":"<p>LECTURA DE EL QUIJOTE EN RPA Radio El Cuco ha participado junto con otras radios escolares de Asturias en una lectura colaborativa de El Quijote que se ha ido emitiendo en el programa de RPA \u201cLa radio es m\u00eda\u201d Han colaborado en la actividad alumnos de 1\u00ba y 2\u00ba de ESO, concretamente: Mar\u00eda Fern\u00e1ndez Tato, [&hellip;]<\/p>\n","protected":false},"author":1832,"featured_media":0,"comment_status":"open","ping_status":"open","sticky":false,"template":"","format":"aside","meta":{"footnotes":""},"categories":[1],"tags":[],"class_list":["post-244","post","type-post","status-publish","format-aside","hentry","category-sin-categoria","post_format-post-format-aside","post-preview"],"_links":{"self":[{"href":"https:\/\/edublog.educastur.es\/radioelcuco\/wp-json\/wp\/v2\/posts\/244","targetHints":{"allow":["GET"]}}],"collection":[{"href":"https:\/\/edublog.educastur.es\/radioelcuco\/wp-json\/wp\/v2\/posts"}],"about":[{"href":"https:\/\/edublog.educastur.es\/radioelcuco\/wp-json\/wp\/v2\/types\/post"}],"author":[{"embeddable":true,"href":"https:\/\/edublog.educastur.es\/radioelcuco\/wp-json\/wp\/v2\/users\/1832"}],"replies":[{"embeddable":true,"href":"https:\/\/edublog.educastur.es\/radioelcuco\/wp-json\/wp\/v2\/comments?post=244"}],"version-history":[{"count":8,"href":"https:\/\/edublog.educastur.es\/radioelcuco\/wp-json\/wp\/v2\/posts\/244\/revisions"}],"predecessor-version":[{"id":261,"href":"https:\/\/edublog.educastur.es\/radioelcuco\/wp-json\/wp\/v2\/posts\/244\/revisions\/261"}],"wp:attachment":[{"href":"https:\/\/edublog.educastur.es\/radioelcuco\/wp-json\/wp\/v2\/media?parent=244"}],"wp:term":[{"taxonomy":"category","embeddable":true,"href":"https:\/\/edublog.educastur.es\/radioelcuco\/wp-json\/wp\/v2\/categories?post=244"},{"taxonomy":"post_tag","embeddable":true,"href":"https:\/\/edublog.educastur.es\/radioelcuco\/wp-json\/wp\/v2\/tags?post=244"}],"curies":[{"name":"wp","href":"https:\/\/api.w.org\/{rel}","templated":true}]}}