{"id":264,"date":"2024-11-13T18:22:31","date_gmt":"2024-11-13T18:22:31","guid":{"rendered":"https:\/\/edublog.educastur.es\/radioelcuco\/?p=264"},"modified":"2024-12-15T13:40:34","modified_gmt":"2024-12-15T13:40:34","slug":"nuevo-programa-cucurioseando","status":"publish","type":"post","link":"https:\/\/edublog.educastur.es\/radioelcuco\/2024\/11\/13\/nuevo-programa-cucurioseando\/","title":{"rendered":"\u00a1NUEVO PROGRAMA: CUCURIOSEANDO!"},"content":{"rendered":"<p>\u00a1Ya est\u00e1 aqu\u00ed! Se trata del <strong>primer episodio del nuevo programa,<em> Cucurioseando<\/em><\/strong>, de Radio el Cuco, del IES Cangas del Narcea, que incluye\u00a0secciones variadas e interesant\u00edsimas:<strong> <em>Ciencia de Dial, Medicina, Artista del Mes, Recomendaciones literarias y Mezclas radiof\u00f3nicas<\/em><\/strong>. \u00a1No te lo pierdas!<\/p>\n<p>En este<strong> primer programa, realizado en octubre de 2024<\/strong>, la redacci\u00f3n y locuci\u00f3n ha estado a cargo de\u00a0 <strong>\u00c1ngel Men\u00e9ndez P\u00e9rez, Mar\u00eda Garc\u00eda Mesa, Estela Rodr\u00edguez \u00c1lvarez, Daniel Fern\u00e1ndez Fuertes y Aitor Vega Garc\u00eda.<\/strong> Adem\u00e1s, hemos contado con la colaboraci\u00f3n especial de Mar\u00eda Monteser\u00edn Rodr\u00edguez y Llara Lucas Casta\u00f1\u00f3n.<\/p>\n<p>\u00a1Les damos a todos ellos la enhorabuena y les deseamos mucha suerte en esta nueva aventura!<\/p>\n\n<!-- iframe plugin v.6.0 wordpress.org\/plugins\/iframe\/ -->\n<iframe loading=\"lazy\" src=\"https:\/\/www.ivoox.com\/player_ej_135715872_6_1.html?c1=8fe23c\" width=\"100%\" height=\"200\" frameborder=\"0\" allowfullscreen scrolling=\"no\" 0=\"loading=&quot;lazy&quot;&gt;&lt;\/iframe\" class=\"iframe-class\"><\/iframe>\n\n<p><img loading=\"lazy\" decoding=\"async\" class=\"alignnone size-medium wp-image-268\" src=\"http:\/\/edublog.educastur.es\/radioelcuco\/files\/2024\/11\/EQUIPO-CUCURIOSEANDO-1-300x135.jpg\" alt=\"\" width=\"300\" height=\"135\" srcset=\"https:\/\/edublog.educastur.es\/radioelcuco\/files\/2024\/11\/EQUIPO-CUCURIOSEANDO-1-300x135.jpg 300w, https:\/\/edublog.educastur.es\/radioelcuco\/files\/2024\/11\/EQUIPO-CUCURIOSEANDO-1-1024x461.jpg 1024w, https:\/\/edublog.educastur.es\/radioelcuco\/files\/2024\/11\/EQUIPO-CUCURIOSEANDO-1-768x346.jpg 768w, https:\/\/edublog.educastur.es\/radioelcuco\/files\/2024\/11\/EQUIPO-CUCURIOSEANDO-1-1536x691.jpg 1536w, https:\/\/edublog.educastur.es\/radioelcuco\/files\/2024\/11\/EQUIPO-CUCURIOSEANDO-1-2048x922.jpg 2048w, https:\/\/edublog.educastur.es\/radioelcuco\/files\/2024\/11\/EQUIPO-CUCURIOSEANDO-1-676x304.jpg 676w\" sizes=\"auto, (max-width: 300px) 100vw, 300px\" \/><img loading=\"lazy\" decoding=\"async\" class=\"size-medium wp-image-269 alignright\" src=\"http:\/\/edublog.educastur.es\/radioelcuco\/files\/2024\/11\/EQUIPO-CUCURIOSEANDO-2-300x135.jpg\" alt=\"\" width=\"300\" height=\"135\" srcset=\"https:\/\/edublog.educastur.es\/radioelcuco\/files\/2024\/11\/EQUIPO-CUCURIOSEANDO-2-300x135.jpg 300w, https:\/\/edublog.educastur.es\/radioelcuco\/files\/2024\/11\/EQUIPO-CUCURIOSEANDO-2-1024x461.jpg 1024w, https:\/\/edublog.educastur.es\/radioelcuco\/files\/2024\/11\/EQUIPO-CUCURIOSEANDO-2-768x346.jpg 768w, https:\/\/edublog.educastur.es\/radioelcuco\/files\/2024\/11\/EQUIPO-CUCURIOSEANDO-2-1536x691.jpg 1536w, https:\/\/edublog.educastur.es\/radioelcuco\/files\/2024\/11\/EQUIPO-CUCURIOSEANDO-2-2048x922.jpg 2048w, https:\/\/edublog.educastur.es\/radioelcuco\/files\/2024\/11\/EQUIPO-CUCURIOSEANDO-2-676x304.jpg 676w\" sizes=\"auto, (max-width: 300px) 100vw, 300px\" \/><\/p>\n","protected":false},"excerpt":{"rendered":"<p>\u00a1Ya est\u00e1 aqu\u00ed! Se trata del primer episodio del nuevo programa, Cucurioseando, de Radio el Cuco, del IES Cangas del Narcea, que incluye\u00a0secciones variadas e interesant\u00edsimas: Ciencia de Dial, Medicina, Artista del Mes, Recomendaciones literarias y Mezclas radiof\u00f3nicas. \u00a1No te lo pierdas! En este primer programa, realizado en octubre de 2024, la redacci\u00f3n y locuci\u00f3n [&hellip;]<\/p>\n","protected":false},"author":1832,"featured_media":0,"comment_status":"open","ping_status":"open","sticky":false,"template":"","format":"standard","meta":{"footnotes":""},"categories":[1],"tags":[],"class_list":["post-264","post","type-post","status-publish","format-standard","hentry","category-sin-categoria","post-preview"],"_links":{"self":[{"href":"https:\/\/edublog.educastur.es\/radioelcuco\/wp-json\/wp\/v2\/posts\/264","targetHints":{"allow":["GET"]}}],"collection":[{"href":"https:\/\/edublog.educastur.es\/radioelcuco\/wp-json\/wp\/v2\/posts"}],"about":[{"href":"https:\/\/edublog.educastur.es\/radioelcuco\/wp-json\/wp\/v2\/types\/post"}],"author":[{"embeddable":true,"href":"https:\/\/edublog.educastur.es\/radioelcuco\/wp-json\/wp\/v2\/users\/1832"}],"replies":[{"embeddable":true,"href":"https:\/\/edublog.educastur.es\/radioelcuco\/wp-json\/wp\/v2\/comments?post=264"}],"version-history":[{"count":7,"href":"https:\/\/edublog.educastur.es\/radioelcuco\/wp-json\/wp\/v2\/posts\/264\/revisions"}],"predecessor-version":[{"id":276,"href":"https:\/\/edublog.educastur.es\/radioelcuco\/wp-json\/wp\/v2\/posts\/264\/revisions\/276"}],"wp:attachment":[{"href":"https:\/\/edublog.educastur.es\/radioelcuco\/wp-json\/wp\/v2\/media?parent=264"}],"wp:term":[{"taxonomy":"category","embeddable":true,"href":"https:\/\/edublog.educastur.es\/radioelcuco\/wp-json\/wp\/v2\/categories?post=264"},{"taxonomy":"post_tag","embeddable":true,"href":"https:\/\/edublog.educastur.es\/radioelcuco\/wp-json\/wp\/v2\/tags?post=264"}],"curies":[{"name":"wp","href":"https:\/\/api.w.org\/{rel}","templated":true}]}}