{"id":279,"date":"2024-12-17T00:17:17","date_gmt":"2024-12-17T00:17:17","guid":{"rendered":"https:\/\/edublog.educastur.es\/radioelcuco\/?p=279"},"modified":"2024-12-18T10:55:51","modified_gmt":"2024-12-18T10:55:51","slug":"cucurioseando-noviembre-diciembre-de-2024","status":"publish","type":"post","link":"https:\/\/edublog.educastur.es\/radioelcuco\/2024\/12\/17\/cucurioseando-noviembre-diciembre-de-2024\/","title":{"rendered":"CUCURIOSEANDO: NOVIEMBRE-DICIEMBRE DE 2024"},"content":{"rendered":"<p>\u00a1No te lo puedes perder!<strong> \u00a1El segundo episodio de Cucurioseando ya est\u00e1 aqu\u00ed!<\/strong><\/p>\n<p>Prep\u00e1rate para disfrutar de la edici\u00f3n correspondiente a noviembre &#8211; diciembre de 2024 del programa mensual Cucurioseando,\u00a0 en el que <strong>\u00c1ngel Men\u00e9ndez P\u00e9rez<\/strong>, <strong>Mar\u00eda Garc\u00eda Mesa<\/strong>,<strong> Estela Rodr\u00edguez \u00c1lvarez<\/strong>, <strong>Daniel Fern\u00e1ndez Fuertes<\/strong> y <strong>Aitor Vega Garc\u00eda<\/strong> nos llevan de la mano por un viaje lleno de curiosidades, consejos pr\u00e1cticos y saludables, literatura, m\u00fasica y muchas recomendaciones.<\/p>\n<p>\u00bfQu\u00e9 encontrar\u00e1s? Un programa entretenido y lleno de contenido para todos los gustos, con secciones como <strong>Ciencia de dial, Medicina, Artista del mes, Recomendaciones literarias y Mezclas radiof\u00f3nicas.<\/strong><\/p>\n<p>Si el primer episodio te gust\u00f3, este va a superar tus expectativas. <strong>\u00a1Aseg\u00farate de escucharlo porque no te dejar\u00e1 indiferente!<\/strong><\/p>\n<p>Adem\u00e1s, recuerda que <strong>pinchando en la pesta\u00f1a \u00abESC\u00daCHANOS\u00bb, te esperan muchos otros podcast de Radio El Cuco.<\/strong><\/p>\n<p>Dale play, rel\u00e1jate y disfruta \u00a1Felices fiestas del equipo de Radio El Cuco!<\/p>\n\n<!-- iframe plugin v.6.0 wordpress.org\/plugins\/iframe\/ -->\n<iframe loading=\"lazy\" src=\"https:\/\/www.ivoox.com\/player_ej_136913287_6_1.html?c1=ec7915\" width=\"100%\" height=\"200\" frameborder=\"0\" allowfullscreen scrolling=\"no\" 0=\"loading=&quot;lazy&quot;&gt;&lt;\/iframe\" class=\"iframe-class\"><\/iframe>\n\n<p><img loading=\"lazy\" decoding=\"async\" class=\"alignnone size-medium wp-image-287\" src=\"http:\/\/edublog.educastur.es\/radioelcuco\/files\/2024\/12\/dic_24_3-1-225x300.jpg\" alt=\"\" width=\"225\" height=\"300\" \/>\u00a0 \u00a0 \u00a0 \u00a0 \u00a0 \u00a0 <img loading=\"lazy\" decoding=\"async\" class=\"alignnone size-medium wp-image-288\" src=\"http:\/\/edublog.educastur.es\/radioelcuco\/files\/2024\/12\/dic_24_2-1-225x300.jpg\" alt=\"\" width=\"225\" height=\"300\" \/><\/p>\n<p><img loading=\"lazy\" decoding=\"async\" class=\"alignnone size-medium wp-image-289\" src=\"http:\/\/edublog.educastur.es\/radioelcuco\/files\/2024\/12\/dic_24_1-1-300x135.jpg\" alt=\"\" width=\"300\" height=\"135\" srcset=\"https:\/\/edublog.educastur.es\/radioelcuco\/files\/2024\/12\/dic_24_1-1-300x135.jpg 300w, https:\/\/edublog.educastur.es\/radioelcuco\/files\/2024\/12\/dic_24_1-1-1024x461.jpg 1024w, https:\/\/edublog.educastur.es\/radioelcuco\/files\/2024\/12\/dic_24_1-1-768x346.jpg 768w, https:\/\/edublog.educastur.es\/radioelcuco\/files\/2024\/12\/dic_24_1-1-676x304.jpg 676w, https:\/\/edublog.educastur.es\/radioelcuco\/files\/2024\/12\/dic_24_1-1.jpg 1500w\" sizes=\"auto, (max-width: 300px) 100vw, 300px\" \/><\/p>\n","protected":false},"excerpt":{"rendered":"<p>\u00a1No te lo puedes perder! \u00a1El segundo episodio de Cucurioseando ya est\u00e1 aqu\u00ed! Prep\u00e1rate para disfrutar de la edici\u00f3n correspondiente a noviembre &#8211; diciembre de 2024 del programa mensual Cucurioseando,\u00a0 en el que \u00c1ngel Men\u00e9ndez P\u00e9rez, Mar\u00eda Garc\u00eda Mesa, Estela Rodr\u00edguez \u00c1lvarez, Daniel Fern\u00e1ndez Fuertes y Aitor Vega Garc\u00eda nos llevan de la mano por [&hellip;]<\/p>\n","protected":false},"author":2926,"featured_media":0,"comment_status":"open","ping_status":"open","sticky":false,"template":"","format":"standard","meta":{"footnotes":""},"categories":[1],"tags":[],"class_list":["post-279","post","type-post","status-publish","format-standard","hentry","category-sin-categoria","post-preview"],"_links":{"self":[{"href":"https:\/\/edublog.educastur.es\/radioelcuco\/wp-json\/wp\/v2\/posts\/279","targetHints":{"allow":["GET"]}}],"collection":[{"href":"https:\/\/edublog.educastur.es\/radioelcuco\/wp-json\/wp\/v2\/posts"}],"about":[{"href":"https:\/\/edublog.educastur.es\/radioelcuco\/wp-json\/wp\/v2\/types\/post"}],"author":[{"embeddable":true,"href":"https:\/\/edublog.educastur.es\/radioelcuco\/wp-json\/wp\/v2\/users\/2926"}],"replies":[{"embeddable":true,"href":"https:\/\/edublog.educastur.es\/radioelcuco\/wp-json\/wp\/v2\/comments?post=279"}],"version-history":[{"count":9,"href":"https:\/\/edublog.educastur.es\/radioelcuco\/wp-json\/wp\/v2\/posts\/279\/revisions"}],"predecessor-version":[{"id":292,"href":"https:\/\/edublog.educastur.es\/radioelcuco\/wp-json\/wp\/v2\/posts\/279\/revisions\/292"}],"wp:attachment":[{"href":"https:\/\/edublog.educastur.es\/radioelcuco\/wp-json\/wp\/v2\/media?parent=279"}],"wp:term":[{"taxonomy":"category","embeddable":true,"href":"https:\/\/edublog.educastur.es\/radioelcuco\/wp-json\/wp\/v2\/categories?post=279"},{"taxonomy":"post_tag","embeddable":true,"href":"https:\/\/edublog.educastur.es\/radioelcuco\/wp-json\/wp\/v2\/tags?post=279"}],"curies":[{"name":"wp","href":"https:\/\/api.w.org\/{rel}","templated":true}]}}