{"id":300,"date":"2025-02-17T07:51:34","date_gmt":"2025-02-17T07:51:34","guid":{"rendered":"https:\/\/edublog.educastur.es\/radioelcuco\/?p=300"},"modified":"2025-02-26T20:46:35","modified_gmt":"2025-02-26T20:46:35","slug":"dia-mundial-de-la-radio-2025","status":"publish","type":"post","link":"https:\/\/edublog.educastur.es\/radioelcuco\/2025\/02\/17\/dia-mundial-de-la-radio-2025\/","title":{"rendered":"D\u00cdA MUNDIAL DE LA RADIO 2025"},"content":{"rendered":"<p>El jueves 13 de febrero, un\u00a0 a\u00f1o m\u00e1s, nos sumamos a la celebraci\u00f3n del D\u00eda Mundial de la Radio participando en la\u00a0 jornada <em>Radio y cambio clim\u00e1tico. Buenas ondas para el planeta<\/em> organizada por el CPR de Gij\u00f3n.<\/p>\n<p>Junto con otros 28 centros educativos provenientes de diferentes lugares de Asturias y m\u00e1s de doscientos asistentes, participamos de diversos talleres, a cual m\u00e1s interesante y divertido.<\/p>\n<p>Finalmente, grabamos un programa de radio que pod\u00e9is escuchar <a href=\"https:\/\/elvallin.es\/BLOG6\/2025\/02\/23\/encuentro-de-radios-escolares-en-gijon\/\">pinchando aqu\u00ed<\/a>.\u00a0 Lo hicimos de manera conjunta con los colegios Aniceto Sela, de Mieres y El Vall\u00edn, de Piedras Blancas.<\/p>\n<p>\u00a1Fue una jornada muy intensa llena de nuevas experiencias!<\/p>\n<p><img loading=\"lazy\" decoding=\"async\" class=\"alignnone size-medium wp-image-321\" src=\"http:\/\/edublog.educastur.es\/radioelcuco\/files\/2025\/02\/Creacion-de-sintonias-300x135.jpg\" alt=\"\" width=\"300\" height=\"135\" srcset=\"https:\/\/edublog.educastur.es\/radioelcuco\/files\/2025\/02\/Creacion-de-sintonias-300x135.jpg 300w, https:\/\/edublog.educastur.es\/radioelcuco\/files\/2025\/02\/Creacion-de-sintonias-1024x461.jpg 1024w, https:\/\/edublog.educastur.es\/radioelcuco\/files\/2025\/02\/Creacion-de-sintonias-768x346.jpg 768w, https:\/\/edublog.educastur.es\/radioelcuco\/files\/2025\/02\/Creacion-de-sintonias-1536x691.jpg 1536w, https:\/\/edublog.educastur.es\/radioelcuco\/files\/2025\/02\/Creacion-de-sintonias-2048x922.jpg 2048w, https:\/\/edublog.educastur.es\/radioelcuco\/files\/2025\/02\/Creacion-de-sintonias-676x304.jpg 676w\" sizes=\"auto, (max-width: 300px) 100vw, 300px\" \/> <img loading=\"lazy\" decoding=\"async\" class=\"alignnone wp-image-324\" src=\"http:\/\/edublog.educastur.es\/radioelcuco\/files\/2025\/02\/IMG_20250213_170213-300x160.jpg\" alt=\"\" width=\"248\" height=\"132\" srcset=\"https:\/\/edublog.educastur.es\/radioelcuco\/files\/2025\/02\/IMG_20250213_170213-300x160.jpg 300w, https:\/\/edublog.educastur.es\/radioelcuco\/files\/2025\/02\/IMG_20250213_170213-1024x545.jpg 1024w, https:\/\/edublog.educastur.es\/radioelcuco\/files\/2025\/02\/IMG_20250213_170213-768x409.jpg 768w, https:\/\/edublog.educastur.es\/radioelcuco\/files\/2025\/02\/IMG_20250213_170213-1536x817.jpg 1536w, https:\/\/edublog.educastur.es\/radioelcuco\/files\/2025\/02\/IMG_20250213_170213-2048x1090.jpg 2048w, https:\/\/edublog.educastur.es\/radioelcuco\/files\/2025\/02\/IMG_20250213_170213-676x360.jpg 676w\" sizes=\"auto, (max-width: 248px) 100vw, 248px\" \/><\/p>\n<p><img loading=\"lazy\" decoding=\"async\" class=\"alignnone wp-image-309\" src=\"http:\/\/edublog.educastur.es\/radioelcuco\/files\/2025\/02\/PARTICIPANTES-DE-RADIO-EL-CUCO-300x225.jpeg\" alt=\"\" width=\"355\" height=\"266\" \/><img loading=\"lazy\" decoding=\"async\" class=\"wp-image-311 alignleft\" src=\"http:\/\/edublog.educastur.es\/radioelcuco\/files\/2025\/02\/Sintonias-225x300.jpeg\" alt=\"\" width=\"207\" height=\"276\" \/><img loading=\"lazy\" decoding=\"async\" class=\" wp-image-302 alignright\" src=\"http:\/\/edublog.educastur.es\/radioelcuco\/files\/2025\/02\/Charla-cambio-climatico-225x300.jpeg\" alt=\"\" width=\"203\" height=\"271\" \/><\/p>\n<p><img loading=\"lazy\" decoding=\"async\" class=\" wp-image-310 alignright\" src=\"http:\/\/edublog.educastur.es\/radioelcuco\/files\/2025\/02\/Radio-y-cambio-climatico-300x135.jpg\" alt=\"\" width=\"360\" height=\"162\" \/><\/p>\n<p><img loading=\"lazy\" decoding=\"async\" class=\"alignnone wp-image-308\" src=\"http:\/\/edublog.educastur.es\/radioelcuco\/files\/2025\/02\/Locucion-y-publicidad-300x135.jpg\" alt=\"\" width=\"351\" height=\"158\" \/><\/p>\n<p><img loading=\"lazy\" decoding=\"async\" class=\" wp-image-305 alignleft\" src=\"http:\/\/edublog.educastur.es\/radioelcuco\/files\/2025\/02\/IMG_20250213_160806-300x135.jpg\" alt=\"\" width=\"260\" height=\"117\" \/> <img loading=\"lazy\" decoding=\"async\" class=\"wp-image-307 alignleft\" src=\"http:\/\/edublog.educastur.es\/radioelcuco\/files\/2025\/02\/IMG_20250213_170213-300x160.jpg\" alt=\"\" width=\"235\" height=\"125\" \/><\/p>\n<p><img loading=\"lazy\" decoding=\"async\" class=\"wp-image-306 aligncenter\" src=\"http:\/\/edublog.educastur.es\/radioelcuco\/files\/2025\/02\/IMG_20250213_165935-300x135.jpg\" alt=\"\" width=\"273\" height=\"123\" \/><\/p>\n","protected":false},"excerpt":{"rendered":"<p>El jueves 13 de febrero, un\u00a0 a\u00f1o m\u00e1s, nos sumamos a la celebraci\u00f3n del D\u00eda Mundial de la Radio participando en la\u00a0 jornada Radio y cambio clim\u00e1tico. Buenas ondas para el planeta organizada por el CPR de Gij\u00f3n. Junto con otros 28 centros educativos provenientes de diferentes lugares de Asturias y m\u00e1s de doscientos asistentes, [&hellip;]<\/p>\n","protected":false},"author":1832,"featured_media":0,"comment_status":"open","ping_status":"open","sticky":false,"template":"","format":"standard","meta":{"footnotes":""},"categories":[1],"tags":[],"class_list":["post-300","post","type-post","status-publish","format-standard","hentry","category-sin-categoria","post-preview"],"_links":{"self":[{"href":"https:\/\/edublog.educastur.es\/radioelcuco\/wp-json\/wp\/v2\/posts\/300","targetHints":{"allow":["GET"]}}],"collection":[{"href":"https:\/\/edublog.educastur.es\/radioelcuco\/wp-json\/wp\/v2\/posts"}],"about":[{"href":"https:\/\/edublog.educastur.es\/radioelcuco\/wp-json\/wp\/v2\/types\/post"}],"author":[{"embeddable":true,"href":"https:\/\/edublog.educastur.es\/radioelcuco\/wp-json\/wp\/v2\/users\/1832"}],"replies":[{"embeddable":true,"href":"https:\/\/edublog.educastur.es\/radioelcuco\/wp-json\/wp\/v2\/comments?post=300"}],"version-history":[{"count":10,"href":"https:\/\/edublog.educastur.es\/radioelcuco\/wp-json\/wp\/v2\/posts\/300\/revisions"}],"predecessor-version":[{"id":346,"href":"https:\/\/edublog.educastur.es\/radioelcuco\/wp-json\/wp\/v2\/posts\/300\/revisions\/346"}],"wp:attachment":[{"href":"https:\/\/edublog.educastur.es\/radioelcuco\/wp-json\/wp\/v2\/media?parent=300"}],"wp:term":[{"taxonomy":"category","embeddable":true,"href":"https:\/\/edublog.educastur.es\/radioelcuco\/wp-json\/wp\/v2\/categories?post=300"},{"taxonomy":"post_tag","embeddable":true,"href":"https:\/\/edublog.educastur.es\/radioelcuco\/wp-json\/wp\/v2\/tags?post=300"}],"curies":[{"name":"wp","href":"https:\/\/api.w.org\/{rel}","templated":true}]}}