{"id":358,"date":"2025-03-14T16:37:59","date_gmt":"2025-03-14T16:37:59","guid":{"rendered":"https:\/\/edublog.educastur.es\/radioelcuco\/?p=358"},"modified":"2025-03-14T16:59:30","modified_gmt":"2025-03-14T16:59:30","slug":"colaboracion-con-radio-lider","status":"publish","type":"post","link":"https:\/\/edublog.educastur.es\/radioelcuco\/2025\/03\/14\/colaboracion-con-radio-lider\/","title":{"rendered":"COLABORACI\u00d3N CON RADIO L\u00cdDER"},"content":{"rendered":"<p>\u00a1Atenci\u00f3n, seguidores de Radio el Cuco!<\/p>\n<p>Hoy, viernes 14 de marzo, hemos comenzado una nueva actividad, basada en la <strong>\u00a0colaboraci\u00f3n entre Radio el Cuco y Radio L\u00edder<\/strong>, una emisora que, con larga tradici\u00f3n en Galicia, se ha implantado recientemente en otras comunidades del Norte de Espa\u00f1a, entre ellas, la nuestra.<\/p>\n<p>Aqu\u00ed os dejamos el enlace a nuestra intervenci\u00f3n de hoy en el programa<strong> \u201cBienvenidos al Norte\u201d<\/strong>, que consisti\u00f3 en una presentaci\u00f3n de nuestra radio y nuestro equipo.\u00a0 \u00a1Y esto es solo el comienzo de lo que ser\u00e1 una fruct\u00edfera colaboraci\u00f3n!<\/p>\n<p>\u00a1Esperamos que os guste!<\/p>\n\n<!-- iframe plugin v.6.0 wordpress.org\/plugins\/iframe\/ -->\n<iframe loading=\"lazy\" src=\"https:\/\/www.ivoox.com\/player_ej_141631053_6_1.html\" width=\"100%\" height=\"200\" frameborder=\"0\" allowfullscreen scrolling=\"no\" 0=\"loading=&quot;lazy&quot;&gt;&lt;\/iframe\" class=\"iframe-class\"><\/iframe>\n\n<p><img loading=\"lazy\" decoding=\"async\" class=\"alignnone wp-image-287\" src=\"http:\/\/edublog.educastur.es\/radioelcuco\/files\/2024\/12\/dic_24_3-1-e1734447811751-300x270.jpg\" alt=\"\" width=\"166\" height=\"150\" srcset=\"https:\/\/edublog.educastur.es\/radioelcuco\/files\/2024\/12\/dic_24_3-1-e1734447811751-300x270.jpg 300w, https:\/\/edublog.educastur.es\/radioelcuco\/files\/2024\/12\/dic_24_3-1-e1734447811751-1024x922.jpg 1024w, https:\/\/edublog.educastur.es\/radioelcuco\/files\/2024\/12\/dic_24_3-1-e1734447811751-768x691.jpg 768w, https:\/\/edublog.educastur.es\/radioelcuco\/files\/2024\/12\/dic_24_3-1-e1734447811751-676x608.jpg 676w, https:\/\/edublog.educastur.es\/radioelcuco\/files\/2024\/12\/dic_24_3-1-e1734447811751.jpg 1200w\" sizes=\"auto, (max-width: 166px) 100vw, 166px\" \/><img loading=\"lazy\" decoding=\"async\" class=\"alignnone wp-image-371\" src=\"http:\/\/edublog.educastur.es\/radioelcuco\/files\/2025\/03\/IMG_20241113_112743_1-300x135.jpg\" alt=\"\" width=\"333\" height=\"150\" srcset=\"https:\/\/edublog.educastur.es\/radioelcuco\/files\/2025\/03\/IMG_20241113_112743_1-300x135.jpg 300w, https:\/\/edublog.educastur.es\/radioelcuco\/files\/2025\/03\/IMG_20241113_112743_1-1024x461.jpg 1024w, https:\/\/edublog.educastur.es\/radioelcuco\/files\/2025\/03\/IMG_20241113_112743_1-768x346.jpg 768w, https:\/\/edublog.educastur.es\/radioelcuco\/files\/2025\/03\/IMG_20241113_112743_1-1536x691.jpg 1536w, https:\/\/edublog.educastur.es\/radioelcuco\/files\/2025\/03\/IMG_20241113_112743_1-2048x922.jpg 2048w, https:\/\/edublog.educastur.es\/radioelcuco\/files\/2025\/03\/IMG_20241113_112743_1-676x304.jpg 676w\" sizes=\"auto, (max-width: 333px) 100vw, 333px\" \/><img loading=\"lazy\" decoding=\"async\" class=\"alignnone wp-image-268\" src=\"http:\/\/edublog.educastur.es\/radioelcuco\/files\/2024\/11\/EQUIPO-CUCURIOSEANDO-1-300x135.jpg\" alt=\"\" width=\"327\" height=\"147\" srcset=\"https:\/\/edublog.educastur.es\/radioelcuco\/files\/2024\/11\/EQUIPO-CUCURIOSEANDO-1-300x135.jpg 300w, https:\/\/edublog.educastur.es\/radioelcuco\/files\/2024\/11\/EQUIPO-CUCURIOSEANDO-1-1024x461.jpg 1024w, https:\/\/edublog.educastur.es\/radioelcuco\/files\/2024\/11\/EQUIPO-CUCURIOSEANDO-1-768x346.jpg 768w, https:\/\/edublog.educastur.es\/radioelcuco\/files\/2024\/11\/EQUIPO-CUCURIOSEANDO-1-1536x691.jpg 1536w, https:\/\/edublog.educastur.es\/radioelcuco\/files\/2024\/11\/EQUIPO-CUCURIOSEANDO-1-2048x922.jpg 2048w, https:\/\/edublog.educastur.es\/radioelcuco\/files\/2024\/11\/EQUIPO-CUCURIOSEANDO-1-676x304.jpg 676w\" sizes=\"auto, (max-width: 327px) 100vw, 327px\" \/><\/p>\n","protected":false},"excerpt":{"rendered":"<p>\u00a1Atenci\u00f3n, seguidores de Radio el Cuco! Hoy, viernes 14 de marzo, hemos comenzado una nueva actividad, basada en la \u00a0colaboraci\u00f3n entre Radio el Cuco y Radio L\u00edder, una emisora que, con larga tradici\u00f3n en Galicia, se ha implantado recientemente en otras comunidades del Norte de Espa\u00f1a, entre ellas, la nuestra. Aqu\u00ed os dejamos el enlace [&hellip;]<\/p>\n","protected":false},"author":1832,"featured_media":0,"comment_status":"open","ping_status":"open","sticky":false,"template":"","format":"standard","meta":{"footnotes":""},"categories":[1],"tags":[],"class_list":["post-358","post","type-post","status-publish","format-standard","hentry","category-sin-categoria","post-preview"],"_links":{"self":[{"href":"https:\/\/edublog.educastur.es\/radioelcuco\/wp-json\/wp\/v2\/posts\/358","targetHints":{"allow":["GET"]}}],"collection":[{"href":"https:\/\/edublog.educastur.es\/radioelcuco\/wp-json\/wp\/v2\/posts"}],"about":[{"href":"https:\/\/edublog.educastur.es\/radioelcuco\/wp-json\/wp\/v2\/types\/post"}],"author":[{"embeddable":true,"href":"https:\/\/edublog.educastur.es\/radioelcuco\/wp-json\/wp\/v2\/users\/1832"}],"replies":[{"embeddable":true,"href":"https:\/\/edublog.educastur.es\/radioelcuco\/wp-json\/wp\/v2\/comments?post=358"}],"version-history":[{"count":12,"href":"https:\/\/edublog.educastur.es\/radioelcuco\/wp-json\/wp\/v2\/posts\/358\/revisions"}],"predecessor-version":[{"id":372,"href":"https:\/\/edublog.educastur.es\/radioelcuco\/wp-json\/wp\/v2\/posts\/358\/revisions\/372"}],"wp:attachment":[{"href":"https:\/\/edublog.educastur.es\/radioelcuco\/wp-json\/wp\/v2\/media?parent=358"}],"wp:term":[{"taxonomy":"category","embeddable":true,"href":"https:\/\/edublog.educastur.es\/radioelcuco\/wp-json\/wp\/v2\/categories?post=358"},{"taxonomy":"post_tag","embeddable":true,"href":"https:\/\/edublog.educastur.es\/radioelcuco\/wp-json\/wp\/v2\/tags?post=358"}],"curies":[{"name":"wp","href":"https:\/\/api.w.org\/{rel}","templated":true}]}}