{"id":374,"date":"2025-03-22T17:43:34","date_gmt":"2025-03-22T17:43:34","guid":{"rendered":"https:\/\/edublog.educastur.es\/radioelcuco\/?p=374"},"modified":"2025-03-22T17:44:27","modified_gmt":"2025-03-22T17:44:27","slug":"ya-tenemos-sintonia-para-nuestra-radio","status":"publish","type":"post","link":"https:\/\/edublog.educastur.es\/radioelcuco\/2025\/03\/22\/ya-tenemos-sintonia-para-nuestra-radio\/","title":{"rendered":"\u00a1YA TENEMOS SINTON\u00cdA PARA NUESTRA RADIO!"},"content":{"rendered":"<p>\u00a1As\u00ed es! Por fin tenemos una <strong>sinton\u00eda\u00a0<\/strong>representativa de <strong>Radio el Cuco<\/strong>.<\/p>\n<p>Con ella, nuestros programas ser\u00e1n identificados por todos los oyentes.<img loading=\"lazy\" decoding=\"async\" class=\"wp-image-380 alignright\" src=\"http:\/\/edublog.educastur.es\/radioelcuco\/files\/2025\/03\/scores-9278299_640-300x300.jpg\" alt=\"\" width=\"242\" height=\"242\" srcset=\"https:\/\/edublog.educastur.es\/radioelcuco\/files\/2025\/03\/scores-9278299_640-300x300.jpg 300w, https:\/\/edublog.educastur.es\/radioelcuco\/files\/2025\/03\/scores-9278299_640-150x150.jpg 150w, https:\/\/edublog.educastur.es\/radioelcuco\/files\/2025\/03\/scores-9278299_640.jpg 640w\" sizes=\"auto, (max-width: 242px) 100vw, 242px\" \/><\/p>\n<p>Y ello gracias al gran trabajo del alumnado de <strong>M\u00fasica<\/strong> de<strong> Cuarto de ESO<\/strong>.<\/p>\n<p>CR\u00c9DITOS:<\/p>\n<ul style=\"list-style-type: square\">\n<li><strong>Melod\u00eda compuesta por Nuria Parra Pacios<\/strong><\/li>\n<li><strong>Locuci\u00f3n a cargo de Sara Luarca Lada.<\/strong><\/li>\n<\/ul>\n<p><a href=\"https:\/\/educastur-my.sharepoint.com\/:u:\/g\/personal\/elenabf_educastur_org\/EURfqz-UraRHlzKGmkbEo0UBqwLD9fI4AtEMnmPYV6xZKA?e=SGi9bA\" target=\"_blank\" rel=\"noopener\">\u00a1Pincha aqu\u00ed<\/a> para escucharla!<\/p>\n","protected":false},"excerpt":{"rendered":"<p>\u00a1As\u00ed es! Por fin tenemos una sinton\u00eda\u00a0representativa de Radio el Cuco. Con ella, nuestros programas ser\u00e1n identificados por todos los oyentes. Y ello gracias al gran trabajo del alumnado de M\u00fasica de Cuarto de ESO. CR\u00c9DITOS: Melod\u00eda compuesta por Nuria Parra Pacios Locuci\u00f3n a cargo de Sara Luarca Lada. \u00a1Pincha aqu\u00ed para escucharla!<\/p>\n","protected":false},"author":1832,"featured_media":0,"comment_status":"open","ping_status":"open","sticky":false,"template":"","format":"standard","meta":{"footnotes":""},"categories":[1],"tags":[],"class_list":["post-374","post","type-post","status-publish","format-standard","hentry","category-sin-categoria","post-preview"],"_links":{"self":[{"href":"https:\/\/edublog.educastur.es\/radioelcuco\/wp-json\/wp\/v2\/posts\/374","targetHints":{"allow":["GET"]}}],"collection":[{"href":"https:\/\/edublog.educastur.es\/radioelcuco\/wp-json\/wp\/v2\/posts"}],"about":[{"href":"https:\/\/edublog.educastur.es\/radioelcuco\/wp-json\/wp\/v2\/types\/post"}],"author":[{"embeddable":true,"href":"https:\/\/edublog.educastur.es\/radioelcuco\/wp-json\/wp\/v2\/users\/1832"}],"replies":[{"embeddable":true,"href":"https:\/\/edublog.educastur.es\/radioelcuco\/wp-json\/wp\/v2\/comments?post=374"}],"version-history":[{"count":8,"href":"https:\/\/edublog.educastur.es\/radioelcuco\/wp-json\/wp\/v2\/posts\/374\/revisions"}],"predecessor-version":[{"id":385,"href":"https:\/\/edublog.educastur.es\/radioelcuco\/wp-json\/wp\/v2\/posts\/374\/revisions\/385"}],"wp:attachment":[{"href":"https:\/\/edublog.educastur.es\/radioelcuco\/wp-json\/wp\/v2\/media?parent=374"}],"wp:term":[{"taxonomy":"category","embeddable":true,"href":"https:\/\/edublog.educastur.es\/radioelcuco\/wp-json\/wp\/v2\/categories?post=374"},{"taxonomy":"post_tag","embeddable":true,"href":"https:\/\/edublog.educastur.es\/radioelcuco\/wp-json\/wp\/v2\/tags?post=374"}],"curies":[{"name":"wp","href":"https:\/\/api.w.org\/{rel}","templated":true}]}}