{"id":387,"date":"2025-04-04T14:36:02","date_gmt":"2025-04-04T14:36:02","guid":{"rendered":"https:\/\/edublog.educastur.es\/radioelcuco\/?p=387"},"modified":"2025-04-04T18:08:31","modified_gmt":"2025-04-04T18:08:31","slug":"el-grupo-de-participacion-infantil-en-radio-lider","status":"publish","type":"post","link":"https:\/\/edublog.educastur.es\/radioelcuco\/2025\/04\/04\/el-grupo-de-participacion-infantil-en-radio-lider\/","title":{"rendered":"EL GRUPO DE PARTICIPACI\u00d3N INFANTIL EN RADIO L\u00cdDER"},"content":{"rendered":"<p>Como ya os hab\u00edamos anunciado, colaboraremos peri\u00f3dicamente con Radio L\u00edder con intervenciones en directo en el programa \u00abBienvenidos al Norte\u00bb.<\/p>\n<p>Hoy, d\u00eda 4 de abril, \u00c1ngel Men\u00e9ndez y Estela Rodr\u00edguez, miembros del equipo de Radio el Cuco, tuvieron ocasi\u00f3n de explicar a todos los oyentes de Radio L\u00edder qu\u00e9 actividades desarrolla el Grupo de Participaci\u00f3n de la Infancia y Adolescencia de Cangas del Narcea, del que forman parte.<\/p>\n<p>Si quer\u00e9is saber m\u00e1s y conocer en qu\u00e9 consiste ser Ciudad Amiga de la Infancia, escuchadnos:<\/p>\n<p>&nbsp;<\/p>\n\n<!-- iframe plugin v.6.0 wordpress.org\/plugins\/iframe\/ -->\n<iframe loading=\"lazy\" style=\"border-radius:12px\" src=\"https:\/\/open.spotify.com\/embed\/episode\/5ItJmIa3oCqnFiOUdhIedl?utm_source=generator\" width=\"100%\" height=\"352\" frameborder=\"0\" allowfullscreen allow=\"autoplay; clipboard-write; encrypted-media; fullscreen; picture-in-picture\" 0=\"loading=&quot;lazy&quot;&gt;&lt;\/iframe\" scrolling=\"yes\" class=\"iframe-class\"><\/iframe>\n\n","protected":false},"excerpt":{"rendered":"<p>Como ya os hab\u00edamos anunciado, colaboraremos peri\u00f3dicamente con Radio L\u00edder con intervenciones en directo en el programa \u00abBienvenidos al Norte\u00bb. Hoy, d\u00eda 4 de abril, \u00c1ngel Men\u00e9ndez y Estela Rodr\u00edguez, miembros del equipo de Radio el Cuco, tuvieron ocasi\u00f3n de explicar a todos los oyentes de Radio L\u00edder qu\u00e9 actividades desarrolla el Grupo de Participaci\u00f3n [&hellip;]<\/p>\n","protected":false},"author":1832,"featured_media":0,"comment_status":"open","ping_status":"open","sticky":false,"template":"","format":"standard","meta":{"footnotes":""},"categories":[1],"tags":[],"class_list":["post-387","post","type-post","status-publish","format-standard","hentry","category-sin-categoria","post-preview"],"_links":{"self":[{"href":"https:\/\/edublog.educastur.es\/radioelcuco\/wp-json\/wp\/v2\/posts\/387","targetHints":{"allow":["GET"]}}],"collection":[{"href":"https:\/\/edublog.educastur.es\/radioelcuco\/wp-json\/wp\/v2\/posts"}],"about":[{"href":"https:\/\/edublog.educastur.es\/radioelcuco\/wp-json\/wp\/v2\/types\/post"}],"author":[{"embeddable":true,"href":"https:\/\/edublog.educastur.es\/radioelcuco\/wp-json\/wp\/v2\/users\/1832"}],"replies":[{"embeddable":true,"href":"https:\/\/edublog.educastur.es\/radioelcuco\/wp-json\/wp\/v2\/comments?post=387"}],"version-history":[{"count":5,"href":"https:\/\/edublog.educastur.es\/radioelcuco\/wp-json\/wp\/v2\/posts\/387\/revisions"}],"predecessor-version":[{"id":392,"href":"https:\/\/edublog.educastur.es\/radioelcuco\/wp-json\/wp\/v2\/posts\/387\/revisions\/392"}],"wp:attachment":[{"href":"https:\/\/edublog.educastur.es\/radioelcuco\/wp-json\/wp\/v2\/media?parent=387"}],"wp:term":[{"taxonomy":"category","embeddable":true,"href":"https:\/\/edublog.educastur.es\/radioelcuco\/wp-json\/wp\/v2\/categories?post=387"},{"taxonomy":"post_tag","embeddable":true,"href":"https:\/\/edublog.educastur.es\/radioelcuco\/wp-json\/wp\/v2\/tags?post=387"}],"curies":[{"name":"wp","href":"https:\/\/api.w.org\/{rel}","templated":true}]}}