{"id":394,"date":"2025-05-06T16:24:06","date_gmt":"2025-05-06T16:24:06","guid":{"rendered":"https:\/\/edublog.educastur.es\/radioelcuco\/?p=394"},"modified":"2025-05-06T17:56:53","modified_gmt":"2025-05-06T17:56:53","slug":"hablamos-sobre-coeducacion","status":"publish","type":"post","link":"https:\/\/edublog.educastur.es\/radioelcuco\/2025\/05\/06\/hablamos-sobre-coeducacion\/","title":{"rendered":"HABLAMOS SOBRE COEDUCACI\u00d3N"},"content":{"rendered":"<p>\u00a1El alumnado de 1\u00ba de ESO se ha lanzado al mundo del periodismo con una entrevista muy especial!<\/p>\n<p>Alejandra Rolo y Adri\u00e1n Rodr\u00edguez han conversado con dos profesoras del centro, Celinda Su\u00e1rez Gonz\u00e1lez y Alba Su\u00e1rez Secades, en una actividad llena de compromiso y reflexi\u00f3n.<\/p>\n<p>Esta iniciativa forma parte del plan de Coeducaci\u00f3n del IES y se enmarca dentro del proyecto colaborativo \u00abHoy tambi\u00e9n es 8 de marzo\u00bb, impulsado por RqueR para las radios escolares de Asturias.<\/p>\n<p>\u00a1Una experiencia enriquecedora que pone en valor la igualdad! \u00a1No te la pierdas!<\/p>\n\n<!-- iframe plugin v.6.0 wordpress.org\/plugins\/iframe\/ -->\n<iframe loading=\"lazy\" src=\"https:\/\/www.ivoox.com\/player_es_podcast_2605306_zp_1.html?c1=61639e\" width=\"200%\" height=\"200\" frameborder=\"0\" allowfullscreen scrolling=\"no\" 0=\"loading=&quot;lazy&quot;&gt;&lt;\/iframe\" class=\"iframe-class\"><\/iframe>\n\n<p><img loading=\"lazy\" decoding=\"async\" class=\"size-medium wp-image-396 aligncenter\" src=\"http:\/\/edublog.educastur.es\/radioelcuco\/files\/2025\/05\/shared-image-6-225x300.jpg\" alt=\"\" width=\"260\" height=\"300\" \/><\/p>\n","protected":false},"excerpt":{"rendered":"<p>\u00a1El alumnado de 1\u00ba de ESO se ha lanzado al mundo del periodismo con una entrevista muy especial! Alejandra Rolo y Adri\u00e1n Rodr\u00edguez han conversado con dos profesoras del centro, Celinda Su\u00e1rez Gonz\u00e1lez y Alba Su\u00e1rez Secades, en una actividad llena de compromiso y reflexi\u00f3n. Esta iniciativa forma parte del plan de Coeducaci\u00f3n del IES [&hellip;]<\/p>\n","protected":false},"author":2926,"featured_media":0,"comment_status":"open","ping_status":"open","sticky":false,"template":"","format":"standard","meta":{"footnotes":""},"categories":[5],"tags":[],"class_list":["post-394","post","type-post","status-publish","format-standard","hentry","category-entrevista","post-preview"],"_links":{"self":[{"href":"https:\/\/edublog.educastur.es\/radioelcuco\/wp-json\/wp\/v2\/posts\/394","targetHints":{"allow":["GET"]}}],"collection":[{"href":"https:\/\/edublog.educastur.es\/radioelcuco\/wp-json\/wp\/v2\/posts"}],"about":[{"href":"https:\/\/edublog.educastur.es\/radioelcuco\/wp-json\/wp\/v2\/types\/post"}],"author":[{"embeddable":true,"href":"https:\/\/edublog.educastur.es\/radioelcuco\/wp-json\/wp\/v2\/users\/2926"}],"replies":[{"embeddable":true,"href":"https:\/\/edublog.educastur.es\/radioelcuco\/wp-json\/wp\/v2\/comments?post=394"}],"version-history":[{"count":5,"href":"https:\/\/edublog.educastur.es\/radioelcuco\/wp-json\/wp\/v2\/posts\/394\/revisions"}],"predecessor-version":[{"id":408,"href":"https:\/\/edublog.educastur.es\/radioelcuco\/wp-json\/wp\/v2\/posts\/394\/revisions\/408"}],"wp:attachment":[{"href":"https:\/\/edublog.educastur.es\/radioelcuco\/wp-json\/wp\/v2\/media?parent=394"}],"wp:term":[{"taxonomy":"category","embeddable":true,"href":"https:\/\/edublog.educastur.es\/radioelcuco\/wp-json\/wp\/v2\/categories?post=394"},{"taxonomy":"post_tag","embeddable":true,"href":"https:\/\/edublog.educastur.es\/radioelcuco\/wp-json\/wp\/v2\/tags?post=394"}],"curies":[{"name":"wp","href":"https:\/\/api.w.org\/{rel}","templated":true}]}}