{"id":401,"date":"2025-05-06T17:44:46","date_gmt":"2025-05-06T17:44:46","guid":{"rendered":"https:\/\/edublog.educastur.es\/radioelcuco\/?p=401"},"modified":"2025-05-06T17:52:28","modified_gmt":"2025-05-06T17:52:28","slug":"cucurioseando-abril-de-2025","status":"publish","type":"post","link":"https:\/\/edublog.educastur.es\/radioelcuco\/2025\/05\/06\/cucurioseando-abril-de-2025\/","title":{"rendered":"CUCURIOSEANDO. ABRIL DE 2025"},"content":{"rendered":"<p>\u00a1Quinto episodio del programa Cucurioseando! En \u00e9l \u00c1ngel Men\u00e9ndez, Estela Rodr\u00edguez y Daniel Fern\u00e1ndez nos traen sus secciones habituales, Ciencia de dial, Artista del mes y Recomendaciones literarias, para hablarnos en este caso de Biolog\u00eda, Mat\u00edas Candia y R\u00e9quiem por un campesino espa\u00f1ol.<\/p>\n<p>En esta ocasi\u00f3n, adem\u00e1s, ilustramos nuestro episodio con una original y simp\u00e1tica imagen dise\u00f1ada para el programa por Estela Rodr\u00edguez \u00c1lvarez, alumna de 1\u00ba de Bachillerato de Artes.<\/p>\n<p>\u00a1Gran trabajo! \u00a1Enhorabuena!<\/p>\n<p><img loading=\"lazy\" decoding=\"async\" class=\"size-medium wp-image-403 aligncenter\" src=\"http:\/\/edublog.educastur.es\/radioelcuco\/files\/2025\/05\/LOGO-CUCURIOSEANDO-300x300.jpg\" alt=\"\" width=\"300\" height=\"300\" srcset=\"https:\/\/edublog.educastur.es\/radioelcuco\/files\/2025\/05\/LOGO-CUCURIOSEANDO-300x300.jpg 300w, https:\/\/edublog.educastur.es\/radioelcuco\/files\/2025\/05\/LOGO-CUCURIOSEANDO-150x150.jpg 150w, https:\/\/edublog.educastur.es\/radioelcuco\/files\/2025\/05\/LOGO-CUCURIOSEANDO.jpg 640w\" sizes=\"auto, (max-width: 300px) 100vw, 300px\" \/><\/p>\n\n<!-- iframe plugin v.6.0 wordpress.org\/plugins\/iframe\/ -->\n<iframe loading=\"lazy\" src=\"https:\/\/www.ivoox.com\/player_ej_146056385_6_1.html?c1=e19819\" width=\"200%\" height=\"200\" frameborder=\"0\" allowfullscreen scrolling=\"no\" 0=\"loading=&quot;lazy&quot;&gt;&lt;\/iframe\" class=\"iframe-class\"><\/iframe>\n\n","protected":false},"excerpt":{"rendered":"<p>\u00a1Quinto episodio del programa Cucurioseando! En \u00e9l \u00c1ngel Men\u00e9ndez, Estela Rodr\u00edguez y Daniel Fern\u00e1ndez nos traen sus secciones habituales, Ciencia de dial, Artista del mes y Recomendaciones literarias, para hablarnos en este caso de Biolog\u00eda, Mat\u00edas Candia y R\u00e9quiem por un campesino espa\u00f1ol. En esta ocasi\u00f3n, adem\u00e1s, ilustramos nuestro episodio con una original y simp\u00e1tica [&hellip;]<\/p>\n","protected":false},"author":2926,"featured_media":0,"comment_status":"open","ping_status":"open","sticky":false,"template":"","format":"standard","meta":{"footnotes":""},"categories":[1],"tags":[],"class_list":["post-401","post","type-post","status-publish","format-standard","hentry","category-sin-categoria","post-preview"],"_links":{"self":[{"href":"https:\/\/edublog.educastur.es\/radioelcuco\/wp-json\/wp\/v2\/posts\/401","targetHints":{"allow":["GET"]}}],"collection":[{"href":"https:\/\/edublog.educastur.es\/radioelcuco\/wp-json\/wp\/v2\/posts"}],"about":[{"href":"https:\/\/edublog.educastur.es\/radioelcuco\/wp-json\/wp\/v2\/types\/post"}],"author":[{"embeddable":true,"href":"https:\/\/edublog.educastur.es\/radioelcuco\/wp-json\/wp\/v2\/users\/2926"}],"replies":[{"embeddable":true,"href":"https:\/\/edublog.educastur.es\/radioelcuco\/wp-json\/wp\/v2\/comments?post=401"}],"version-history":[{"count":4,"href":"https:\/\/edublog.educastur.es\/radioelcuco\/wp-json\/wp\/v2\/posts\/401\/revisions"}],"predecessor-version":[{"id":407,"href":"https:\/\/edublog.educastur.es\/radioelcuco\/wp-json\/wp\/v2\/posts\/401\/revisions\/407"}],"wp:attachment":[{"href":"https:\/\/edublog.educastur.es\/radioelcuco\/wp-json\/wp\/v2\/media?parent=401"}],"wp:term":[{"taxonomy":"category","embeddable":true,"href":"https:\/\/edublog.educastur.es\/radioelcuco\/wp-json\/wp\/v2\/categories?post=401"},{"taxonomy":"post_tag","embeddable":true,"href":"https:\/\/edublog.educastur.es\/radioelcuco\/wp-json\/wp\/v2\/tags?post=401"}],"curies":[{"name":"wp","href":"https:\/\/api.w.org\/{rel}","templated":true}]}}