{"id":410,"date":"2025-05-19T19:37:32","date_gmt":"2025-05-19T19:37:32","guid":{"rendered":"https:\/\/edublog.educastur.es\/radioelcuco\/?p=410"},"modified":"2025-05-19T19:37:32","modified_gmt":"2025-05-19T19:37:32","slug":"somos-finalistas-del-premio-gonzalo-estefania","status":"publish","type":"post","link":"https:\/\/edublog.educastur.es\/radioelcuco\/2025\/05\/19\/somos-finalistas-del-premio-gonzalo-estefania\/","title":{"rendered":"\u00a1SOMOS FINALISTAS DEL PREMIO GONZALO ESTEFAN\u00cdA!"},"content":{"rendered":"<p>Efectivamente,<strong> hemos sido seleccionados entre los nueve centros finalistas (tres centros por cada categor\u00eda)<\/strong> del prestigioso premio de radio escolar, en la categor\u00eda B (Educaci\u00f3n Secundaria Obligatoria), con el\u00a0 <strong>p\u00f3dcast \u00abUn estudiante sin ideas\u00bb realizado por alumnado de Primero de ESO A y C del IES Cangas del Narcea.<\/strong><\/p>\n<p>La organizaci\u00f3n del<strong> Premio Gonzalo Estefan\u00eda de Radio Escolar<\/strong> ha dado a conocer la relaci\u00f3n de centros de ense\u00f1anza que aspiran a hacerse con los premios de este a\u00f1o, correspondientes al Curso acad\u00e9mico 2024-2025, y que<strong> se conocer\u00e1n el pr\u00f3ximo viernes 30 de mayo en el transcurso de una ceremonia de entrega de galardones.<\/strong><\/p>\n<p>Encuentra toda la informaci\u00f3n\u00a0<a href=\"https:\/\/www.gorkazumeta.com\/2025\/05\/finalistas-del-gonzalo-estefania-de.html\" target=\"_blank\" rel=\"noopener\">aqu\u00ed<\/a><\/p>\n\n<!-- iframe plugin v.6.0 wordpress.org\/plugins\/iframe\/ -->\n<iframe loading=\"lazy\" src=\"https:\/\/www.ivoox.com\/player_ej_145732515_6_1.html?c1=e797d6\" width=\"100%\" height=\"200\" frameborder=\"0\" allowfullscreen scrolling=\"no\" 0=\"loading=&quot;lazy&quot;&gt;\" class=\"iframe-class\"><\/iframe>\n\n","protected":false},"excerpt":{"rendered":"<p>Efectivamente, hemos sido seleccionados entre los nueve centros finalistas (tres centros por cada categor\u00eda) del prestigioso premio de radio escolar, en la categor\u00eda B (Educaci\u00f3n Secundaria Obligatoria), con el\u00a0 p\u00f3dcast \u00abUn estudiante sin ideas\u00bb realizado por alumnado de Primero de ESO A y C del IES Cangas del Narcea. La organizaci\u00f3n del Premio Gonzalo Estefan\u00eda [&hellip;]<\/p>\n","protected":false},"author":1832,"featured_media":0,"comment_status":"open","ping_status":"open","sticky":false,"template":"","format":"standard","meta":{"footnotes":""},"categories":[1],"tags":[],"class_list":["post-410","post","type-post","status-publish","format-standard","hentry","category-sin-categoria","post-preview"],"_links":{"self":[{"href":"https:\/\/edublog.educastur.es\/radioelcuco\/wp-json\/wp\/v2\/posts\/410","targetHints":{"allow":["GET"]}}],"collection":[{"href":"https:\/\/edublog.educastur.es\/radioelcuco\/wp-json\/wp\/v2\/posts"}],"about":[{"href":"https:\/\/edublog.educastur.es\/radioelcuco\/wp-json\/wp\/v2\/types\/post"}],"author":[{"embeddable":true,"href":"https:\/\/edublog.educastur.es\/radioelcuco\/wp-json\/wp\/v2\/users\/1832"}],"replies":[{"embeddable":true,"href":"https:\/\/edublog.educastur.es\/radioelcuco\/wp-json\/wp\/v2\/comments?post=410"}],"version-history":[{"count":3,"href":"https:\/\/edublog.educastur.es\/radioelcuco\/wp-json\/wp\/v2\/posts\/410\/revisions"}],"predecessor-version":[{"id":413,"href":"https:\/\/edublog.educastur.es\/radioelcuco\/wp-json\/wp\/v2\/posts\/410\/revisions\/413"}],"wp:attachment":[{"href":"https:\/\/edublog.educastur.es\/radioelcuco\/wp-json\/wp\/v2\/media?parent=410"}],"wp:term":[{"taxonomy":"category","embeddable":true,"href":"https:\/\/edublog.educastur.es\/radioelcuco\/wp-json\/wp\/v2\/categories?post=410"},{"taxonomy":"post_tag","embeddable":true,"href":"https:\/\/edublog.educastur.es\/radioelcuco\/wp-json\/wp\/v2\/tags?post=410"}],"curies":[{"name":"wp","href":"https:\/\/api.w.org\/{rel}","templated":true}]}}