{"id":417,"date":"2025-06-02T16:18:24","date_gmt":"2025-06-02T16:18:24","guid":{"rendered":"https:\/\/edublog.educastur.es\/radioelcuco\/?p=417"},"modified":"2025-06-02T16:30:43","modified_gmt":"2025-06-02T16:30:43","slug":"primer-accesit-en-el-premio-gonzalo-estefania","status":"publish","type":"post","link":"https:\/\/edublog.educastur.es\/radioelcuco\/2025\/06\/02\/primer-accesit-en-el-premio-gonzalo-estefania\/","title":{"rendered":"\u00a1\u00a1\u00a1PRIMER ACC\u00c9SIT EN EL PREMIO GONZALO ESTEFAN\u00cdA!!!"},"content":{"rendered":"<p>El pasado 30 de mayo se fallaron los premios de la <strong>VII edici\u00f3n del concurso de Radio Escolar Gonzalo Estefan\u00eda.<\/strong> Estamos muy contentos de anunciar que <strong>nos hemos alzado con el primer acc\u00e9sit en la categor\u00eda B<\/strong>,<\/p>\n<p>En ella, el tema propuesto en esta ocasi\u00f3n era<em> Series y pel\u00edculas. Lo que aprendo y lo que me ense\u00f1an. <\/em>Nuestro alumnado de<strong> Primero de ESO A y Primero de ESO C<\/strong> consigui\u00f3 su galard\u00f3n gracias al\u00a0 \u00a0p\u00f3dcast titulado <strong>\u00abUn estudiante sin ideas\u00bb.<\/strong><\/p>\n<p>El jurado destac\u00f3 el elevado nivel de todos los finalistas, por lo que desde aqu\u00ed queremos dar la enhorabuena a todos los centros seleccionados y , especialmente, a los que resultaron primeros en cada categor\u00eda.<\/p>\n<p>Pod\u00e9is leer toda la informaci\u00f3n y escuchar todos los programas <a href=\"https:\/\/www.gorkazumeta.com\/2025\/05\/3-centros-de-madrid-leon-y-pamplona.html\" target=\"_blank\" rel=\"noopener\">aqu\u00ed <\/a><\/p>\n\n<!-- iframe plugin v.6.0 wordpress.org\/plugins\/iframe\/ -->\n<iframe loading=\"lazy\" frameborder=\"0\" allowfullscreen scrolling=\"no\" height=\"200\" style=\"width:100%;\" src=\"https:\/\/www.ivoox.com\/player_ej_145732515_6_1.html?c1=fc8148\" 0=\"loading=&#039;lazy&#039;&gt;&lt;\/iframe\" width=\"100%\" class=\"iframe-class\"><\/iframe>\n\n<p>&nbsp;<\/p>\n<p>&nbsp;<\/p>\n<p>&nbsp;<\/p>\n","protected":false},"excerpt":{"rendered":"<p>El pasado 30 de mayo se fallaron los premios de la VII edici\u00f3n del concurso de Radio Escolar Gonzalo Estefan\u00eda. Estamos muy contentos de anunciar que nos hemos alzado con el primer acc\u00e9sit en la categor\u00eda B, En ella, el tema propuesto en esta ocasi\u00f3n era Series y pel\u00edculas. Lo que aprendo y lo que [&hellip;]<\/p>\n","protected":false},"author":1832,"featured_media":0,"comment_status":"open","ping_status":"open","sticky":false,"template":"","format":"standard","meta":{"footnotes":""},"categories":[1],"tags":[],"class_list":["post-417","post","type-post","status-publish","format-standard","hentry","category-sin-categoria","post-preview"],"_links":{"self":[{"href":"https:\/\/edublog.educastur.es\/radioelcuco\/wp-json\/wp\/v2\/posts\/417","targetHints":{"allow":["GET"]}}],"collection":[{"href":"https:\/\/edublog.educastur.es\/radioelcuco\/wp-json\/wp\/v2\/posts"}],"about":[{"href":"https:\/\/edublog.educastur.es\/radioelcuco\/wp-json\/wp\/v2\/types\/post"}],"author":[{"embeddable":true,"href":"https:\/\/edublog.educastur.es\/radioelcuco\/wp-json\/wp\/v2\/users\/1832"}],"replies":[{"embeddable":true,"href":"https:\/\/edublog.educastur.es\/radioelcuco\/wp-json\/wp\/v2\/comments?post=417"}],"version-history":[{"count":5,"href":"https:\/\/edublog.educastur.es\/radioelcuco\/wp-json\/wp\/v2\/posts\/417\/revisions"}],"predecessor-version":[{"id":422,"href":"https:\/\/edublog.educastur.es\/radioelcuco\/wp-json\/wp\/v2\/posts\/417\/revisions\/422"}],"wp:attachment":[{"href":"https:\/\/edublog.educastur.es\/radioelcuco\/wp-json\/wp\/v2\/media?parent=417"}],"wp:term":[{"taxonomy":"category","embeddable":true,"href":"https:\/\/edublog.educastur.es\/radioelcuco\/wp-json\/wp\/v2\/categories?post=417"},{"taxonomy":"post_tag","embeddable":true,"href":"https:\/\/edublog.educastur.es\/radioelcuco\/wp-json\/wp\/v2\/tags?post=417"}],"curies":[{"name":"wp","href":"https:\/\/api.w.org\/{rel}","templated":true}]}}