{"id":429,"date":"2025-10-31T11:24:00","date_gmt":"2025-10-31T11:24:00","guid":{"rendered":"https:\/\/edublog.educastur.es\/radioelcuco\/?p=429"},"modified":"2025-10-31T11:28:14","modified_gmt":"2025-10-31T11:28:14","slug":"congreso-nacional-de-radio-escolar","status":"publish","type":"post","link":"https:\/\/edublog.educastur.es\/radioelcuco\/2025\/10\/31\/congreso-nacional-de-radio-escolar\/","title":{"rendered":"CONGRESO NACIONAL DE RADIO ESCOLAR"},"content":{"rendered":"<p>No pod\u00edamos comenzar el curso 2025-2026 de un modo mejor: asistiendo al Congreso Nacional de Radio\u00a0Escolar celebrado\u00a0 en Oviedo los d\u00edas 16 y 17 de octubre.<\/p>\n<p>Dos jornadas repletas de aprendizajes, experiencias compartidas, intercambio de ideas&#8230; Todo ello nos servir\u00e1 para ir mejorando d\u00eda a d\u00eda\u00a0 nuestro proyecto de radio educativa.<\/p>\n<p>\u00a1No dej\u00e9is de seguir la actividad de Radio el Cuco!<\/p>\n<p><img loading=\"lazy\" decoding=\"async\" class=\"wp-image-435 size-medium aligncenter\" src=\"http:\/\/edublog.educastur.es\/radioelcuco\/files\/2025\/10\/congreso-radio-135x300.jpg\" alt=\"\" width=\"135\" height=\"300\" srcset=\"https:\/\/edublog.educastur.es\/radioelcuco\/files\/2025\/10\/congreso-radio-135x300.jpg 135w, https:\/\/edublog.educastur.es\/radioelcuco\/files\/2025\/10\/congreso-radio-461x1024.jpg 461w, https:\/\/edublog.educastur.es\/radioelcuco\/files\/2025\/10\/congreso-radio-768x1707.jpg 768w, https:\/\/edublog.educastur.es\/radioelcuco\/files\/2025\/10\/congreso-radio-691x1536.jpg 691w, https:\/\/edublog.educastur.es\/radioelcuco\/files\/2025\/10\/congreso-radio-676x1502.jpg 676w, https:\/\/edublog.educastur.es\/radioelcuco\/files\/2025\/10\/congreso-radio-rotated.jpg 900w\" sizes=\"auto, (max-width: 135px) 100vw, 135px\" \/><\/p>\n<p>&nbsp;<\/p>\n","protected":false},"excerpt":{"rendered":"<p>No pod\u00edamos comenzar el curso 2025-2026 de un modo mejor: asistiendo al Congreso Nacional de Radio\u00a0Escolar celebrado\u00a0 en Oviedo los d\u00edas 16 y 17 de octubre. Dos jornadas repletas de aprendizajes, experiencias compartidas, intercambio de ideas&#8230; Todo ello nos servir\u00e1 para ir mejorando d\u00eda a d\u00eda\u00a0 nuestro proyecto de radio educativa. \u00a1No dej\u00e9is de seguir [&hellip;]<\/p>\n","protected":false},"author":1832,"featured_media":0,"comment_status":"open","ping_status":"open","sticky":false,"template":"","format":"standard","meta":{"footnotes":""},"categories":[1],"tags":[],"class_list":["post-429","post","type-post","status-publish","format-standard","hentry","category-sin-categoria","post-preview"],"_links":{"self":[{"href":"https:\/\/edublog.educastur.es\/radioelcuco\/wp-json\/wp\/v2\/posts\/429","targetHints":{"allow":["GET"]}}],"collection":[{"href":"https:\/\/edublog.educastur.es\/radioelcuco\/wp-json\/wp\/v2\/posts"}],"about":[{"href":"https:\/\/edublog.educastur.es\/radioelcuco\/wp-json\/wp\/v2\/types\/post"}],"author":[{"embeddable":true,"href":"https:\/\/edublog.educastur.es\/radioelcuco\/wp-json\/wp\/v2\/users\/1832"}],"replies":[{"embeddable":true,"href":"https:\/\/edublog.educastur.es\/radioelcuco\/wp-json\/wp\/v2\/comments?post=429"}],"version-history":[{"count":9,"href":"https:\/\/edublog.educastur.es\/radioelcuco\/wp-json\/wp\/v2\/posts\/429\/revisions"}],"predecessor-version":[{"id":439,"href":"https:\/\/edublog.educastur.es\/radioelcuco\/wp-json\/wp\/v2\/posts\/429\/revisions\/439"}],"wp:attachment":[{"href":"https:\/\/edublog.educastur.es\/radioelcuco\/wp-json\/wp\/v2\/media?parent=429"}],"wp:term":[{"taxonomy":"category","embeddable":true,"href":"https:\/\/edublog.educastur.es\/radioelcuco\/wp-json\/wp\/v2\/categories?post=429"},{"taxonomy":"post_tag","embeddable":true,"href":"https:\/\/edublog.educastur.es\/radioelcuco\/wp-json\/wp\/v2\/tags?post=429"}],"curies":[{"name":"wp","href":"https:\/\/api.w.org\/{rel}","templated":true}]}}