{"id":477,"date":"2026-03-04T20:36:38","date_gmt":"2026-03-04T20:36:38","guid":{"rendered":"https:\/\/edublog.educastur.es\/radioelcuco\/?p=477"},"modified":"2026-03-04T21:13:48","modified_gmt":"2026-03-04T21:13:48","slug":"al-aire-de-cangas-un-viaje-al-ano-1925","status":"publish","type":"post","link":"https:\/\/edublog.educastur.es\/radioelcuco\/2026\/03\/04\/al-aire-de-cangas-un-viaje-al-ano-1925\/","title":{"rendered":"AL AIRE DE CANGAS: UN VIAJE AL A\u00d1O 1925"},"content":{"rendered":"<p>El pasado dos de marzo el alumnado de Cuarto de ESO del IES Cangas del Narcea asisti\u00f3 a una charla en la que representantes del <strong><em>Tous pa Tous<\/em><\/strong> presentaron su \u00faltima publicaci\u00f3n, <strong><em>Al aire de Cangas del Narcea. <\/em><\/strong>\u00a0Este libro recoge las fotograf\u00edas que <strong>Ruth M. Anderson<\/strong> hizo para la <em>Hispanic Society of America<\/em> en su estancia en la villa en el a\u00f1o <strong>1925<\/strong>, fotograf\u00edas que constituyen un documento \u00fanico para acercarnos a c\u00f3mo era nuestro concejo y c\u00f3mo era la vida de sus habitantes hace cien a\u00f1os.<\/p>\n<p>Antes de la charla, las alumnas <strong>Aurora Garc\u00eda <\/strong>y <strong>Ariadna Monc\u00f3<\/strong>, acompa\u00f1adas de Iv\u00e1n Fl\u00f3rez, tuvieron ocasi\u00f3n de entrevistar a <strong>Juaco L\u00f3pez<\/strong> y a<strong> Mercedes P\u00e9rez<\/strong>. Os recomendamos escuchar esta entrevista, en la que pod\u00e9is descubrir m\u00e1s datos sobre Ruth Anderson y sobre la historia de nuestra villa, acompa\u00f1ados de reflexiones sobre su presente y futuro.<\/p>\n<p>Esta actividad est\u00e1 enmarcada dentro del proyecto <strong><em>Memoria social: Cangas del Narcea. Testimonios a trav\u00e9s del tiempo<\/em><\/strong>, desarrollado por el Departamento de Geograf\u00eda e Historia e integrado en el Proyecto de Formaci\u00f3n de Centro.<\/p>\n\n<!-- iframe plugin v.6.0 wordpress.org\/plugins\/iframe\/ -->\n<iframe loading=\"lazy\" src=\"https:\/\/www.ivoox.com\/player_ej_169550669_6_1.html?c1=abaaa6\" width=\"100%\" height=\"200\" frameborder=\"0\" allowfullscreen scrolling=\"no\" 0=\"loading=&quot;lazy&quot;&gt;&lt;\/iframe\" class=\"iframe-class\"><\/iframe>\n\n","protected":false},"excerpt":{"rendered":"<p>El pasado dos de marzo el alumnado de Cuarto de ESO del IES Cangas del Narcea asisti\u00f3 a una charla en la que representantes del Tous pa Tous presentaron su \u00faltima publicaci\u00f3n, Al aire de Cangas del Narcea. \u00a0Este libro recoge las fotograf\u00edas que Ruth M. Anderson hizo para la Hispanic Society of America en [&hellip;]<\/p>\n","protected":false},"author":1832,"featured_media":0,"comment_status":"open","ping_status":"open","sticky":false,"template":"","format":"standard","meta":{"footnotes":""},"categories":[1],"tags":[],"class_list":["post-477","post","type-post","status-publish","format-standard","hentry","category-sin-categoria","post-preview"],"_links":{"self":[{"href":"https:\/\/edublog.educastur.es\/radioelcuco\/wp-json\/wp\/v2\/posts\/477","targetHints":{"allow":["GET"]}}],"collection":[{"href":"https:\/\/edublog.educastur.es\/radioelcuco\/wp-json\/wp\/v2\/posts"}],"about":[{"href":"https:\/\/edublog.educastur.es\/radioelcuco\/wp-json\/wp\/v2\/types\/post"}],"author":[{"embeddable":true,"href":"https:\/\/edublog.educastur.es\/radioelcuco\/wp-json\/wp\/v2\/users\/1832"}],"replies":[{"embeddable":true,"href":"https:\/\/edublog.educastur.es\/radioelcuco\/wp-json\/wp\/v2\/comments?post=477"}],"version-history":[{"count":7,"href":"https:\/\/edublog.educastur.es\/radioelcuco\/wp-json\/wp\/v2\/posts\/477\/revisions"}],"predecessor-version":[{"id":484,"href":"https:\/\/edublog.educastur.es\/radioelcuco\/wp-json\/wp\/v2\/posts\/477\/revisions\/484"}],"wp:attachment":[{"href":"https:\/\/edublog.educastur.es\/radioelcuco\/wp-json\/wp\/v2\/media?parent=477"}],"wp:term":[{"taxonomy":"category","embeddable":true,"href":"https:\/\/edublog.educastur.es\/radioelcuco\/wp-json\/wp\/v2\/categories?post=477"},{"taxonomy":"post_tag","embeddable":true,"href":"https:\/\/edublog.educastur.es\/radioelcuco\/wp-json\/wp\/v2\/tags?post=477"}],"curies":[{"name":"wp","href":"https:\/\/api.w.org\/{rel}","templated":true}]}}