{"id":499,"date":"2026-04-22T16:13:38","date_gmt":"2026-04-22T16:13:38","guid":{"rendered":"https:\/\/edublog.educastur.es\/radioelcuco\/?p=499"},"modified":"2026-04-22T16:34:02","modified_gmt":"2026-04-22T16:34:02","slug":"tercer-puesto-en-el-concurso-voces-que-escuchan","status":"publish","type":"post","link":"https:\/\/edublog.educastur.es\/radioelcuco\/2026\/04\/22\/tercer-puesto-en-el-concurso-voces-que-escuchan\/","title":{"rendered":"\u00a1TERCER PUESTO EN EL CONCURSO \u00abVOCES QUE ESCUCHAN\u00bb!"},"content":{"rendered":"<p>\u00a1\u00a1\u00a1ATENCI\u00d3N, ATENCI\u00d3N!!! \u00a1Un nuevo reconocimiento para Radio el Cuco!<\/p>\n<p>La ficci\u00f3n sonora<a href=\"https:\/\/radio.educastur.es\/eventos\/-\/asset_publisher\/7D19RwCdrP3b\/content\/el-terror-de-los-alumnos?_com_liferay_asset_publisher_web_portlet_AssetPublisherPortlet_INSTANCE_7D19RwCdrP3b_assetEntryId=29198837&amp;_com_liferay_asset_publisher_web_portlet_AssetPublisherPortlet_INSTANCE_7D19RwCdrP3b_redirect=https%3A%2F%2Fradio.educastur.es%2Feventos%3Fp_p_id%3Dcom_liferay_asset_publisher_web_portlet_AssetPublisherPortlet_INSTANCE_7D19RwCdrP3b%26p_p_lifecycle%3D0%26p_p_state%3Dnormal%26p_p_mode%3Dview%26_com_liferay_asset_publisher_web_portlet_AssetPublisherPortlet_INSTANCE_7D19RwCdrP3b_cur%3D0%26p_r_p_resetCur%3Dfalse%26_com_liferay_asset_publisher_web_portlet_AssetPublisherPortlet_INSTANCE_7D19RwCdrP3b_assetEntryId%3D29198837\"> <strong>\u00abEl terror de los alumnos\u00bb<\/strong><\/a> ha alcanzado el<strong> tercer puesto en el I Concurso de P\u00f3dcast Escolar \u00abVoces que se escuchan\u00bb.\u00a0 <\/strong><\/p>\n<p>Las autoras del relato son<strong> Yurema Fad\u00f3n y Ashly Herr\u00e1n<\/strong>, alumnas de Cuarto de ESO. Adem\u00e1s, en la grabaci\u00f3n de los efectos sonoros colabor\u00f3 el <strong>alumnado de M\u00fasica de Cuarto de ESO<\/strong>. \u00a1Nuestra enhorabuena a tod@s ell@s!<\/p>\n<p>Nuestro centro participaba en este concurso con dos narraciones sonoras, ambas realizadas a partir de los <strong>cuentos ganadores del Concurso de Relatos de Terror<\/strong> celebrado en el IES Cangas del Narcea en el primer trimestre del presente curso. \u00a1No dej\u00e9is de escuchar tambi\u00e9n\u00a0<strong> \u00ab<a href=\"https:\/\/radio.educastur.es\/-\/el-bosque-oscuro?redirect=%2Feventos\">El bosque oscuro<\/a>\u00ab,\u00a0 por \u00c1ngel Men\u00e9ndez<\/strong>, alumno de Segundo de ESO!<\/p>\n<p>Toda la informaci\u00f3n pinchando en <a href=\"https:\/\/www.educastur.es\/-\/i-concurso-de-podcast-escolar-voces-que-se-escuchan-premios?redirect=%2F\">este enlace<\/a>.<\/p>\n<p>&nbsp;<\/p>\n","protected":false},"excerpt":{"rendered":"<p>\u00a1\u00a1\u00a1ATENCI\u00d3N, ATENCI\u00d3N!!! \u00a1Un nuevo reconocimiento para Radio el Cuco! La ficci\u00f3n sonora \u00abEl terror de los alumnos\u00bb ha alcanzado el tercer puesto en el I Concurso de P\u00f3dcast Escolar \u00abVoces que se escuchan\u00bb.\u00a0 Las autoras del relato son Yurema Fad\u00f3n y Ashly Herr\u00e1n, alumnas de Cuarto de ESO. Adem\u00e1s, en la grabaci\u00f3n de los efectos [&hellip;]<\/p>\n","protected":false},"author":1832,"featured_media":0,"comment_status":"open","ping_status":"open","sticky":false,"template":"","format":"standard","meta":{"footnotes":""},"categories":[1],"tags":[],"class_list":["post-499","post","type-post","status-publish","format-standard","hentry","category-sin-categoria","post-preview"],"_links":{"self":[{"href":"https:\/\/edublog.educastur.es\/radioelcuco\/wp-json\/wp\/v2\/posts\/499","targetHints":{"allow":["GET"]}}],"collection":[{"href":"https:\/\/edublog.educastur.es\/radioelcuco\/wp-json\/wp\/v2\/posts"}],"about":[{"href":"https:\/\/edublog.educastur.es\/radioelcuco\/wp-json\/wp\/v2\/types\/post"}],"author":[{"embeddable":true,"href":"https:\/\/edublog.educastur.es\/radioelcuco\/wp-json\/wp\/v2\/users\/1832"}],"replies":[{"embeddable":true,"href":"https:\/\/edublog.educastur.es\/radioelcuco\/wp-json\/wp\/v2\/comments?post=499"}],"version-history":[{"count":5,"href":"https:\/\/edublog.educastur.es\/radioelcuco\/wp-json\/wp\/v2\/posts\/499\/revisions"}],"predecessor-version":[{"id":504,"href":"https:\/\/edublog.educastur.es\/radioelcuco\/wp-json\/wp\/v2\/posts\/499\/revisions\/504"}],"wp:attachment":[{"href":"https:\/\/edublog.educastur.es\/radioelcuco\/wp-json\/wp\/v2\/media?parent=499"}],"wp:term":[{"taxonomy":"category","embeddable":true,"href":"https:\/\/edublog.educastur.es\/radioelcuco\/wp-json\/wp\/v2\/categories?post=499"},{"taxonomy":"post_tag","embeddable":true,"href":"https:\/\/edublog.educastur.es\/radioelcuco\/wp-json\/wp\/v2\/tags?post=499"}],"curies":[{"name":"wp","href":"https:\/\/api.w.org\/{rel}","templated":true}]}}