{"id":249,"date":"2025-11-19T13:41:29","date_gmt":"2025-11-19T13:41:29","guid":{"rendered":"https:\/\/edublog.educastur.es\/radioeria\/?p=249"},"modified":"2026-03-01T09:47:33","modified_gmt":"2026-03-01T09:47:33","slug":"3a-emision-radio-eria-5oc-19-11-25","status":"publish","type":"post","link":"https:\/\/edublog.educastur.es\/radioeria\/2025\/11\/19\/3a-emision-radio-eria-5oc-19-11-25\/","title":{"rendered":"3\u00aa Emisi\u00f3n Radio Er\u00eda 5\u00baC 19-11-25"},"content":{"rendered":"<p><img loading=\"lazy\" decoding=\"async\" class=\"aligncenter size-large wp-image-246\" src=\"http:\/\/edublog.educastur.es\/radioeria\/files\/2025\/11\/Radio-Eria_compressed-1024x683.jpg\" alt=\"\" width=\"680\" height=\"454\" srcset=\"https:\/\/edublog.educastur.es\/radioeria\/files\/2025\/11\/Radio-Eria_compressed-1024x683.jpg 1024w, https:\/\/edublog.educastur.es\/radioeria\/files\/2025\/11\/Radio-Eria_compressed-300x200.jpg 300w, https:\/\/edublog.educastur.es\/radioeria\/files\/2025\/11\/Radio-Eria_compressed-768x512.jpg 768w, https:\/\/edublog.educastur.es\/radioeria\/files\/2025\/11\/Radio-Eria_compressed.jpg 1536w\" sizes=\"auto, (max-width: 680px) 100vw, 680px\" \/><\/p>\n<p>Hoy el alumnado de 5\u00ba C ha grabado el tercer programa de Radio Er\u00eda del curso, cargado de interesantes secciones y entrevistas.<\/p>\n<p>En esta ocasi\u00f3n hemos tenido que repetir la grabaci\u00f3n por problemas t\u00e9cnicos y hemos tenido que improvisar alguna intervenci\u00f3n por la ausencia de participantes, a\u00fan as\u00ed ha salido un programa muy interesante.<\/p>\n<p>Esperamos que os guste.<\/p>\n<p>&nbsp;<\/p>\n<p style=\"text-align: center\"><a href=\"https:\/\/radio.educastur.es\/-\/3%C2%AA-emisi%C3%B3n-radio-er%C3%ADa-5%C2%BAc-19-11-25?redirect=%2Fpublicaciones-categor%25C3%25ADa%3FcategoryId%3D17690477%26page%3D1\"><span style=\"font-size: 24pt\"><strong>Enlace a la tercera emisi\u00f3n<\/strong><\/span><\/a><\/p>\n<p style=\"text-align: center\">\n","protected":false},"excerpt":{"rendered":"<p>Hoy el alumnado de 5\u00ba C ha grabado el tercer programa de Radio Er\u00eda del curso, cargado de interesantes secciones y entrevistas. En esta ocasi\u00f3n hemos tenido que repetir la grabaci\u00f3n por problemas t\u00e9cnicos y hemos tenido que improvisar alguna [&hellip;]<\/p>\n","protected":false},"author":1233,"featured_media":0,"comment_status":"open","ping_status":"open","sticky":false,"template":"","format":"standard","meta":{"footnotes":""},"categories":[1],"tags":[],"class_list":["post-249","post","type-post","status-publish","format-standard","hentry","category-sin-categoria"],"_links":{"self":[{"href":"https:\/\/edublog.educastur.es\/radioeria\/wp-json\/wp\/v2\/posts\/249","targetHints":{"allow":["GET"]}}],"collection":[{"href":"https:\/\/edublog.educastur.es\/radioeria\/wp-json\/wp\/v2\/posts"}],"about":[{"href":"https:\/\/edublog.educastur.es\/radioeria\/wp-json\/wp\/v2\/types\/post"}],"author":[{"embeddable":true,"href":"https:\/\/edublog.educastur.es\/radioeria\/wp-json\/wp\/v2\/users\/1233"}],"replies":[{"embeddable":true,"href":"https:\/\/edublog.educastur.es\/radioeria\/wp-json\/wp\/v2\/comments?post=249"}],"version-history":[{"count":3,"href":"https:\/\/edublog.educastur.es\/radioeria\/wp-json\/wp\/v2\/posts\/249\/revisions"}],"predecessor-version":[{"id":340,"href":"https:\/\/edublog.educastur.es\/radioeria\/wp-json\/wp\/v2\/posts\/249\/revisions\/340"}],"wp:attachment":[{"href":"https:\/\/edublog.educastur.es\/radioeria\/wp-json\/wp\/v2\/media?parent=249"}],"wp:term":[{"taxonomy":"category","embeddable":true,"href":"https:\/\/edublog.educastur.es\/radioeria\/wp-json\/wp\/v2\/categories?post=249"},{"taxonomy":"post_tag","embeddable":true,"href":"https:\/\/edublog.educastur.es\/radioeria\/wp-json\/wp\/v2\/tags?post=249"}],"curies":[{"name":"wp","href":"https:\/\/api.w.org\/{rel}","templated":true}]}}