{"id":33,"date":"2023-11-19T10:11:09","date_gmt":"2023-11-19T10:11:09","guid":{"rendered":"https:\/\/edublog.educastur.es\/radioeria\/?p=33"},"modified":"2026-02-25T13:07:52","modified_gmt":"2026-02-25T13:07:52","slug":"2a-emision-de-radio-eria-curso-6od","status":"publish","type":"post","link":"https:\/\/edublog.educastur.es\/radioeria\/2023\/11\/19\/2a-emision-de-radio-eria-curso-6od\/","title":{"rendered":"2\u00aa Emisi\u00f3n de Radio Er\u00eda 17-11-23 Curso 6\u00baD"},"content":{"rendered":"<p><img loading=\"lazy\" decoding=\"async\" class=\"size-thumbnail wp-image-97 alignleft\" src=\"http:\/\/edublog.educastur.es\/radioeria\/files\/2024\/03\/Logo-Logotipo-Radio-Podcast-Circular-Moderno-Profesional-Blanco-y-Negro-2-1-150x150.png\" alt=\"\" width=\"150\" height=\"150\" srcset=\"https:\/\/edublog.educastur.es\/radioeria\/files\/2024\/03\/Logo-Logotipo-Radio-Podcast-Circular-Moderno-Profesional-Blanco-y-Negro-2-1-150x150.png 150w, https:\/\/edublog.educastur.es\/radioeria\/files\/2024\/03\/Logo-Logotipo-Radio-Podcast-Circular-Moderno-Profesional-Blanco-y-Negro-2-1-300x300.png 300w, https:\/\/edublog.educastur.es\/radioeria\/files\/2024\/03\/Logo-Logotipo-Radio-Podcast-Circular-Moderno-Profesional-Blanco-y-Negro-2-1.png 500w\" sizes=\"auto, (max-width: 150px) 100vw, 150px\" \/>El viernes 17 de noviembre el alumnado de 6\u00baD nos han preparado esta segunda edici\u00f3n del curso 23-24 con interesantes noticias, pod\u00e9is escucharlo pinchando aqu\u00ed.<\/p>\n<p style=\"text-align: center\"><a href=\"https:\/\/educastur-my.sharepoint.com\/:u:\/g\/personal\/miguelcm_educastur_org\/IQBKULcwQhURQ7sR1YpF50r2AdFH6I6rkiXHxx_Gkpd8L0A?nav=eyJyZWZlcnJhbEluZm8iOnsicmVmZXJyYWxBcHAiOiJPbmVEcml2ZUZvckJ1c2luZXNzIiwicmVmZXJyYWxBcHBQbGF0Zm9ybSI6IldlYiIsInJlZmVycmFsTW9kZSI6InZpZXciLCJyZWZlcnJhbFZpZXciOiJNeUZpbGVzTGlua0NvcHkifX0&amp;e=OtFcBp\">2\u00aa Emisi\u00f3n Radio Er\u00eda. Alumnado de 6\u00baD 17-11-23<\/a><\/p>\n<p>&nbsp;<\/p>\n<p>&nbsp;<\/p>\n","protected":false},"excerpt":{"rendered":"<p>El viernes 17 de noviembre el alumnado de 6\u00baD nos han preparado esta segunda edici\u00f3n del curso 23-24 con interesantes noticias, pod\u00e9is escucharlo pinchando aqu\u00ed. 2\u00aa Emisi\u00f3n Radio Er\u00eda. Alumnado de 6\u00baD 17-11-23 &nbsp; &nbsp;<\/p>\n","protected":false},"author":1233,"featured_media":0,"comment_status":"open","ping_status":"open","sticky":false,"template":"","format":"standard","meta":{"footnotes":""},"categories":[3],"tags":[],"class_list":["post-33","post","type-post","status-publish","format-standard","hentry","category-emisiones"],"_links":{"self":[{"href":"https:\/\/edublog.educastur.es\/radioeria\/wp-json\/wp\/v2\/posts\/33","targetHints":{"allow":["GET"]}}],"collection":[{"href":"https:\/\/edublog.educastur.es\/radioeria\/wp-json\/wp\/v2\/posts"}],"about":[{"href":"https:\/\/edublog.educastur.es\/radioeria\/wp-json\/wp\/v2\/types\/post"}],"author":[{"embeddable":true,"href":"https:\/\/edublog.educastur.es\/radioeria\/wp-json\/wp\/v2\/users\/1233"}],"replies":[{"embeddable":true,"href":"https:\/\/edublog.educastur.es\/radioeria\/wp-json\/wp\/v2\/comments?post=33"}],"version-history":[{"count":8,"href":"https:\/\/edublog.educastur.es\/radioeria\/wp-json\/wp\/v2\/posts\/33\/revisions"}],"predecessor-version":[{"id":302,"href":"https:\/\/edublog.educastur.es\/radioeria\/wp-json\/wp\/v2\/posts\/33\/revisions\/302"}],"wp:attachment":[{"href":"https:\/\/edublog.educastur.es\/radioeria\/wp-json\/wp\/v2\/media?parent=33"}],"wp:term":[{"taxonomy":"category","embeddable":true,"href":"https:\/\/edublog.educastur.es\/radioeria\/wp-json\/wp\/v2\/categories?post=33"},{"taxonomy":"post_tag","embeddable":true,"href":"https:\/\/edublog.educastur.es\/radioeria\/wp-json\/wp\/v2\/tags?post=33"}],"curies":[{"name":"wp","href":"https:\/\/api.w.org\/{rel}","templated":true}]}}